{"id":6715,"date":"2020-08-25T01:49:54","date_gmt":"2020-08-25T04:49:54","guid":{"rendered":"https:\/\/wandilsonramalho.com.br\/blog\/?p=6715"},"modified":"2020-08-24T17:59:50","modified_gmt":"2020-08-24T20:59:50","slug":"mada-canta-e-encanta","status":"publish","type":"post","link":"https:\/\/wandilsonramalho.com.br\/blog\/?p=6715","title":{"rendered":"mad\u00e1 canta e encanta .."},"content":{"rendered":"\n<p><strong>A caraubense Madalena Soares mais conhecida por Mad\u00e1 usou as redes sociais para publicar seu trabalho como\u00a0 cantora ..ela assinou as \u00a0letras das m\u00fasicas Peda\u00e7os , T\u00e3o Longe, Eu queria Falar de amor, Luz da Lua , Bem-ti-vi ,\u00a0 e arranjo e dire\u00e7\u00e3o musical de Sergio Farias e Arte e design de Afra Vall<\/strong> e <strong>foto de Marcos Diniz.<\/strong><\/p>\n\n\n\n<p><strong> Ela disse \u201cTudo come\u00e7ou num rabiscado qualquer, numa vontade de dizer de mim, dos meus sentimentos, de gritar numa silenciosa tristeza, de chorar quando queria sorrir, de rir do nada quando o meu peito era s\u00f3 saudade e a\u00ed foram surgindo frases inteiras, versos sem rimas e de repente me vi cantando as minhas hist\u00f3rias nem t\u00e3o secretas.<\/strong> <strong>Se sou cantora ou poeta, eu nem sei, sou s\u00f3 eu tentando dizer sem dizer, chorar sem chorar e sorrir sempre.\u201d Disponivel Face de Madalena Soares.<\/strong><\/p>\n","protected":false},"excerpt":{"rendered":"<p>A caraubense Madalena Soares mais conhecida por Mad\u00e1 usou as redes sociais para publicar seu trabalho como\u00a0 cantora ..ela assinou as \u00a0letras das m\u00fasicas Peda\u00e7os , T\u00e3o Longe, Eu queria Falar de amor, Luz da Lua , Bem-ti-vi ,\u00a0 e arranjo e dire\u00e7\u00e3o musical de Sergio Farias e Arte e design de Afra Vall e <a href=\"https:\/\/wandilsonramalho.com.br\/blog\/?p=6715\">&#8230;<\/a><\/p>\n","protected":false},"author":2,"featured_media":6717,"comment_status":"open","ping_status":"open","sticky":false,"template":"","format":"standard","meta":{"_jetpack_memberships_contains_paid_content":false,"footnotes":""},"categories":[38],"tags":[],"class_list":["post-6715","post","type-post","status-publish","format-standard","has-post-thumbnail","hentry","category-especiais"],"jetpack_featured_media_url":"https:\/\/i0.wp.com\/wandilsonramalho.com.br\/blog\/wp-content\/uploads\/2020\/08\/mada.jpg?fit=480%2C501&ssl=1","jetpack_sharing_enabled":true,"_links":{"self":[{"href":"https:\/\/wandilsonramalho.com.br\/blog\/index.php?rest_route=\/wp\/v2\/posts\/6715","targetHints":{"allow":["GET"]}}],"collection":[{"href":"https:\/\/wandilsonramalho.com.br\/blog\/index.php?rest_route=\/wp\/v2\/posts"}],"about":[{"href":"https:\/\/wandilsonramalho.com.br\/blog\/index.php?rest_route=\/wp\/v2\/types\/post"}],"author":[{"embeddable":true,"href":"https:\/\/wandilsonramalho.com.br\/blog\/index.php?rest_route=\/wp\/v2\/users\/2"}],"replies":[{"embeddable":true,"href":"https:\/\/wandilsonramalho.com.br\/blog\/index.php?rest_route=%2Fwp%2Fv2%2Fcomments&post=6715"}],"version-history":[{"count":2,"href":"https:\/\/wandilsonramalho.com.br\/blog\/index.php?rest_route=\/wp\/v2\/posts\/6715\/revisions"}],"predecessor-version":[{"id":6718,"href":"https:\/\/wandilsonramalho.com.br\/blog\/index.php?rest_route=\/wp\/v2\/posts\/6715\/revisions\/6718"}],"wp:featuredmedia":[{"embeddable":true,"href":"https:\/\/wandilsonramalho.com.br\/blog\/index.php?rest_route=\/wp\/v2\/media\/6717"}],"wp:attachment":[{"href":"https:\/\/wandilsonramalho.com.br\/blog\/index.php?rest_route=%2Fwp%2Fv2%2Fmedia&parent=6715"}],"wp:term":[{"taxonomy":"category","embeddable":true,"href":"https:\/\/wandilsonramalho.com.br\/blog\/index.php?rest_route=%2Fwp%2Fv2%2Fcategories&post=6715"},{"taxonomy":"post_tag","embeddable":true,"href":"https:\/\/wandilsonramalho.com.br\/blog\/index.php?rest_route=%2Fwp%2Fv2%2Ftags&post=6715"}],"curies":[{"name":"wp","href":"https:\/\/api.w.org\/{rel}","templated":true}]}}