{"id":6711,"date":"2020-08-25T01:43:50","date_gmt":"2020-08-25T04:43:50","guid":{"rendered":"https:\/\/wandilsonramalho.com.br\/blog\/?p=6711"},"modified":"2020-08-24T17:47:42","modified_gmt":"2020-08-24T20:47:42","slug":"ordenacao-sacerdotal-de-ikaro-drean","status":"publish","type":"post","link":"https:\/\/wandilsonramalho.com.br\/blog\/?p=6711","title":{"rendered":"ordena\u00e7\u00e3o sacerdotal de ikaro dr\u00eaan.."},"content":{"rendered":"\n<p><strong>Com este prenuncio , \u201cPara servir e dar a vida&#8221;, Mt 20,28, exultemos de alegria, por que Deus me chamou e eis que aqui estou, o Di\u00e1cono \u00cdkaro Dr\u00eaan da Silva R\u00eago, a sua \u00a0fam\u00edlia e a Diocese de Santa Luzia de Mossor\u00f3,\u00a0 convidando\u00a0 para a Celebra\u00e7\u00e3o Eucar\u00edstica em que Ikaro Dr\u00eaan \u00a0ser\u00e1 ordenado presb\u00edtero pela ora\u00e7\u00e3o consecrat\u00f3ria e imposi\u00e7\u00e3o das m\u00e3os de Sua Excel\u00eancia, Reverend\u00edssima Dom Mariano Manzana dia 05 de setembro \u00e1s 18 horas na cidade de Marcelino Vieira<\/strong>..<\/p>\n","protected":false},"excerpt":{"rendered":"<p>Com este prenuncio , \u201cPara servir e dar a vida&#8221;, Mt 20,28, exultemos de alegria, por que Deus me chamou e eis que aqui estou, o Di\u00e1cono \u00cdkaro Dr\u00eaan da Silva R\u00eago, a sua \u00a0fam\u00edlia e a Diocese de Santa Luzia de Mossor\u00f3,\u00a0 convidando\u00a0 para a Celebra\u00e7\u00e3o Eucar\u00edstica em que Ikaro Dr\u00eaan \u00a0ser\u00e1 ordenado presb\u00edtero <a href=\"https:\/\/wandilsonramalho.com.br\/blog\/?p=6711\">&#8230;<\/a><\/p>\n","protected":false},"author":2,"featured_media":6713,"comment_status":"open","ping_status":"open","sticky":false,"template":"","format":"standard","meta":{"_jetpack_memberships_contains_paid_content":false,"footnotes":""},"categories":[29],"tags":[],"class_list":["post-6711","post","type-post","status-publish","format-standard","has-post-thumbnail","hentry","category-gente-chique"],"jetpack_featured_media_url":"https:\/\/i0.wp.com\/wandilsonramalho.com.br\/blog\/wp-content\/uploads\/2020\/08\/thumbnail-3.jpg?fit=480%2C640&ssl=1","jetpack_sharing_enabled":true,"_links":{"self":[{"href":"https:\/\/wandilsonramalho.com.br\/blog\/index.php?rest_route=\/wp\/v2\/posts\/6711","targetHints":{"allow":["GET"]}}],"collection":[{"href":"https:\/\/wandilsonramalho.com.br\/blog\/index.php?rest_route=\/wp\/v2\/posts"}],"about":[{"href":"https:\/\/wandilsonramalho.com.br\/blog\/index.php?rest_route=\/wp\/v2\/types\/post"}],"author":[{"embeddable":true,"href":"https:\/\/wandilsonramalho.com.br\/blog\/index.php?rest_route=\/wp\/v2\/users\/2"}],"replies":[{"embeddable":true,"href":"https:\/\/wandilsonramalho.com.br\/blog\/index.php?rest_route=%2Fwp%2Fv2%2Fcomments&post=6711"}],"version-history":[{"count":1,"href":"https:\/\/wandilsonramalho.com.br\/blog\/index.php?rest_route=\/wp\/v2\/posts\/6711\/revisions"}],"predecessor-version":[{"id":6714,"href":"https:\/\/wandilsonramalho.com.br\/blog\/index.php?rest_route=\/wp\/v2\/posts\/6711\/revisions\/6714"}],"wp:featuredmedia":[{"embeddable":true,"href":"https:\/\/wandilsonramalho.com.br\/blog\/index.php?rest_route=\/wp\/v2\/media\/6713"}],"wp:attachment":[{"href":"https:\/\/wandilsonramalho.com.br\/blog\/index.php?rest_route=%2Fwp%2Fv2%2Fmedia&parent=6711"}],"wp:term":[{"taxonomy":"category","embeddable":true,"href":"https:\/\/wandilsonramalho.com.br\/blog\/index.php?rest_route=%2Fwp%2Fv2%2Fcategories&post=6711"},{"taxonomy":"post_tag","embeddable":true,"href":"https:\/\/wandilsonramalho.com.br\/blog\/index.php?rest_route=%2Fwp%2Fv2%2Ftags&post=6711"}],"curies":[{"name":"wp","href":"https:\/\/api.w.org\/{rel}","templated":true}]}}