{"id":6513,"date":"2020-08-18T00:49:29","date_gmt":"2020-08-18T03:49:29","guid":{"rendered":"https:\/\/wandilsonramalho.com.br\/blog\/?p=6513"},"modified":"2020-08-17T09:06:49","modified_gmt":"2020-08-17T12:06:49","slug":"sinal-da-cruz","status":"publish","type":"post","link":"https:\/\/wandilsonramalho.com.br\/blog\/?p=6513","title":{"rendered":"SINAL DA CRUZ &#8230;"},"content":{"rendered":"\n<h5 class=\"wp-block-heading\"><a href=\"https:\/\/www.facebook.com\/Franciscoopapadahumildade\/?__cft__[0]=AZW2B658YhYvZ7QzO7RWD2x3vwC6a7vV9i9-xT1lb9a0nbS-Frp3kuuL7t9EQB0yeaUrQ3hI1XYvXnYQUiVjOxOvQP_IDkFzwvd_XdxPWBRzZhq0-dcHfkw_j-EIys7ZbhUTgRWGvTsR7tdy6Rx-ZWZUhu179Dv8wPrKZli1nzLQQ-IQZLnbnFUDccKw9mEoayjl1aoV8KeFjRVVUSCnAyYSx199uRfk8cf7cmAijNfrFw&amp;__tn__=-UC%2CP-y-R\"><strong>Francisco, o Papa da humildade<\/strong><\/a><\/h5>\n\n\n\n<p> O VALOR DO SINAL DA CRUZ<img decoding=\"async\" width=\"16\" height=\"16\" alt=\"\u271d\" src=\"https:\/\/static.xx.fbcdn.net\/images\/emoji.php\/v9\/t81\/1\/16\/271d.png\"><\/p>\n\n\n\n<p>Se voc\u00ea soubesse a import\u00e2ncia desta ora\u00e7\u00e3o, garanto que voc\u00ea a colocaria mais em pr\u00e1tica!*(\u2020) Pelo sinal da Santa Cruz,**(\u2020) livrai-nos DEUS, nosso SENHOR,**(\u2020) dos nossos inimigos!**(\u2020)<\/p>\n\n\n\n<p> Em nome do Pai, do Filho e do Esp\u00edrito Santo. Am\u00e9m!<\/p>\n\n\n\n<p>*Quando voc\u00ea acorda, voc\u00ea faz sobre si o \u201csinal da Cruz\u201d? E antes das refei\u00e7\u00f5es? E quando vai dormir? Ao menos alguma vez ao dia? N\u00e3o? Muitas pessoas, n\u00e3o entendendo a import\u00e2ncia dessa ora\u00e7\u00e3o, a fazem de maneira displicente, ficando apenas no gesto, sem a efetiva invoca\u00e7\u00e3o da Sant\u00edssima Trindade.<\/p>\n\n\n\n<p>*O \u201csinal da Cruz\u201d n\u00e3o \u00e9 um gesto ritual\u00edstico, mas sim, uma verdadeira e poderosa ora\u00e7\u00e3o! \u00c9 o sinal dos crist\u00e3os! Por meio dele muitos santos invocaram a prote\u00e7\u00e3o do Alt\u00edssimo, e atrav\u00e9s dele pedimos a Deus que, pelos m\u00e9ritos da Santa Cruz de Seu Filho, Nosso Senhor Jesus Cristo, Ele nos livre dos nossos inimigos, e de todas as ciladas do mal, que atentam contra a nossa sa\u00fade f\u00edsica e espiritual.<\/p>\n\n\n\n<p>*Mas voc\u00ea sabe fazer o \u201csinal da Cruz\u201d?!De forma solene, sem pressa, e com a maior devo\u00e7\u00e3o e respeito?*\u2020 Pelo sinal da Santa Cruz (na testa): pedimos a Deus que nos d\u00ea bons pensamentos, nobres e puros. E que Ele afaste de n\u00f3s os pensamentos ruins, que s\u00f3 nos causam mal.*\u2020 Livrai-nos Deus, Nosso Senhor (na boca): pedimos a Deus que de nossos l\u00e1bios s\u00f3 saiam louvores. Que o nosso falar seja sempre para a edifica\u00e7\u00e3o do Reino de Deus e para o bem estar do pr\u00f3ximo.*\u2020 Dos nossos inimigos (sobre o cora\u00e7\u00e3o): para que em nosso cora\u00e7\u00e3o s\u00f3 reine o amor e a lei do Senhor, afastando-nos, pois, de todos os maus sentimentos, como o \u00f3dio, a avareza, a lux\u00faria\u2026 Fazendo-nos verdadeiros adoradores.*\u2020 Em nome do Pai, do Filho e do Esp\u00edrito Santo. Am\u00e9m! \u2013 <\/p>\n\n\n\n<p>\u00c9 o ato livramento e deve ser feito com a maior rever\u00eancia, consci\u00eancia, f\u00e9 e amor, pois expressa nossa f\u00e9 no Mist\u00e9rio da Sant\u00edssima Trindade, cerne de nossa f\u00e9 crist\u00e3, Deus em si mesmo. Deve ser feito com a m\u00e3o direita, levando-a da testa \u00e0 barriga, e do ombro esquerdo ao direito.<\/p>\n\n\n\n<p>*Agora que voc\u00ea j\u00e1 sabe a import\u00e2ncia do \u201csinal da Cruz\u201d, *fa\u00e7a-o antes de sair de casa, antes de qualquer trabalho, nas horas dif\u00edceis e nas horas de alegria tamb\u00e9m.*<\/p>\n\n\n\n<p>Fa\u00e7a-o sobre si, e, sempre que poss\u00edvel, na testa de seu filho, de seu marido, de sua esposa, de seu irm\u00e3o, de seu sobrinho\u2026Pe\u00e7a a Deus, sempre, para que Ele te livre e aos seus, de todos os males, afim de fazermos tudo, acordar, comer, estudar, trabalhar, dormir, viajar..<\/p>\n\n\n\n<p>.Em nome do Pai, do Filho, e do Esp\u00edrito Santo! Am\u00e9m!<\/p>\n\n\n\n<p>Fonte: catolicaconect.com.br<\/p>\n","protected":false},"excerpt":{"rendered":"<p>Francisco, o Papa da humildade O VALOR DO SINAL DA CRUZ Se voc\u00ea soubesse a import\u00e2ncia desta ora\u00e7\u00e3o, garanto que voc\u00ea a colocaria mais em pr\u00e1tica!*(\u2020) Pelo sinal da Santa Cruz,**(\u2020) livrai-nos DEUS, nosso SENHOR,**(\u2020) dos nossos inimigos!**(\u2020) Em nome do Pai, do Filho e do Esp\u00edrito Santo. Am\u00e9m! *Quando voc\u00ea acorda, voc\u00ea faz sobre <a href=\"https:\/\/wandilsonramalho.com.br\/blog\/?p=6513\">&#8230;<\/a><\/p>\n","protected":false},"author":2,"featured_media":6517,"comment_status":"open","ping_status":"open","sticky":false,"template":"","format":"standard","meta":{"_jetpack_memberships_contains_paid_content":false,"footnotes":""},"categories":[2],"tags":[],"class_list":["post-6513","post","type-post","status-publish","format-standard","has-post-thumbnail","hentry","category-mensagens"],"jetpack_featured_media_url":"https:\/\/i0.wp.com\/wandilsonramalho.com.br\/blog\/wp-content\/uploads\/2020\/08\/117627173_3540671442621034_9113649347796866130_n.jpg?fit=487%2C711&ssl=1","jetpack_sharing_enabled":true,"_links":{"self":[{"href":"https:\/\/wandilsonramalho.com.br\/blog\/index.php?rest_route=\/wp\/v2\/posts\/6513","targetHints":{"allow":["GET"]}}],"collection":[{"href":"https:\/\/wandilsonramalho.com.br\/blog\/index.php?rest_route=\/wp\/v2\/posts"}],"about":[{"href":"https:\/\/wandilsonramalho.com.br\/blog\/index.php?rest_route=\/wp\/v2\/types\/post"}],"author":[{"embeddable":true,"href":"https:\/\/wandilsonramalho.com.br\/blog\/index.php?rest_route=\/wp\/v2\/users\/2"}],"replies":[{"embeddable":true,"href":"https:\/\/wandilsonramalho.com.br\/blog\/index.php?rest_route=%2Fwp%2Fv2%2Fcomments&post=6513"}],"version-history":[{"count":2,"href":"https:\/\/wandilsonramalho.com.br\/blog\/index.php?rest_route=\/wp\/v2\/posts\/6513\/revisions"}],"predecessor-version":[{"id":6518,"href":"https:\/\/wandilsonramalho.com.br\/blog\/index.php?rest_route=\/wp\/v2\/posts\/6513\/revisions\/6518"}],"wp:featuredmedia":[{"embeddable":true,"href":"https:\/\/wandilsonramalho.com.br\/blog\/index.php?rest_route=\/wp\/v2\/media\/6517"}],"wp:attachment":[{"href":"https:\/\/wandilsonramalho.com.br\/blog\/index.php?rest_route=%2Fwp%2Fv2%2Fmedia&parent=6513"}],"wp:term":[{"taxonomy":"category","embeddable":true,"href":"https:\/\/wandilsonramalho.com.br\/blog\/index.php?rest_route=%2Fwp%2Fv2%2Fcategories&post=6513"},{"taxonomy":"post_tag","embeddable":true,"href":"https:\/\/wandilsonramalho.com.br\/blog\/index.php?rest_route=%2Fwp%2Fv2%2Ftags&post=6513"}],"curies":[{"name":"wp","href":"https:\/\/api.w.org\/{rel}","templated":true}]}}