{"id":6495,"date":"2020-08-17T01:18:54","date_gmt":"2020-08-17T04:18:54","guid":{"rendered":"https:\/\/wandilsonramalho.com.br\/blog\/?p=6495"},"modified":"2020-08-16T16:21:38","modified_gmt":"2020-08-16T19:21:38","slug":"conone-laranjeira","status":"publish","type":"post","link":"https:\/\/wandilsonramalho.com.br\/blog\/?p=6495","title":{"rendered":"conon\u00e9 laranjeira"},"content":{"rendered":"\n<p>\u00c8 um momento hist\u00f3rico para Tadeu Benevides retornar  ao  Programa Forr\u00f3 do Coron\u00e9 Laranjeira na Radio Lideran\u00e7a FM.<\/p>\n\n\n\n<p>A familia , a esposa C\u00e9lia , os filhos Ivna e Tito e a nora Ticiane est\u00e3o na maior alegria, na maior felicidade. <\/p>\n\n\n\n<p>Tadeu ama o r\u00e1dio ..ama esse mundo bonito da comunica\u00e7\u00e3o ..<\/p>\n\n\n\n<p>Sua reestr\u00e9ia est\u00e1 marcada  para hoje dia 17 de agosto de 2020 a partir das 17 horas ..<\/p>\n\n\n\n<p>Viva Tadeu!!<br>Viva o programa do Coron\u00e9 Laranjeira que traz alegria, muito forr\u00f3 e muito amor ..<\/p>\n\n\n\n<p>Boas vindas, Tadeu , sabemos que r\u00e1dio \u00e9 a sua grande paix\u00e3o ..<\/p>\n\n\n\n\n\n\n\n\n\n\n\n\n","protected":false},"excerpt":{"rendered":"<p>\u00c8 um momento hist\u00f3rico para Tadeu Benevides retornar ao Programa Forr\u00f3 do Coron\u00e9 Laranjeira na Radio Lideran\u00e7a FM. A familia , a esposa C\u00e9lia , os filhos Ivna e Tito e a nora Ticiane est\u00e3o na maior alegria, na maior felicidade. Tadeu ama o r\u00e1dio ..ama esse mundo bonito da comunica\u00e7\u00e3o .. Sua reestr\u00e9ia est\u00e1 <a href=\"https:\/\/wandilsonramalho.com.br\/blog\/?p=6495\">&#8230;<\/a><\/p>\n","protected":false},"author":2,"featured_media":6501,"comment_status":"open","ping_status":"open","sticky":false,"template":"","format":"standard","meta":{"_jetpack_memberships_contains_paid_content":false,"footnotes":""},"categories":[18],"tags":[],"class_list":["post-6495","post","type-post","status-publish","format-standard","has-post-thumbnail","hentry","category-caraubas"],"jetpack_featured_media_url":"https:\/\/i0.wp.com\/wandilsonramalho.com.br\/blog\/wp-content\/uploads\/2020\/08\/tadeu.jpg?fit=480%2C640&ssl=1","jetpack_sharing_enabled":true,"_links":{"self":[{"href":"https:\/\/wandilsonramalho.com.br\/blog\/index.php?rest_route=\/wp\/v2\/posts\/6495","targetHints":{"allow":["GET"]}}],"collection":[{"href":"https:\/\/wandilsonramalho.com.br\/blog\/index.php?rest_route=\/wp\/v2\/posts"}],"about":[{"href":"https:\/\/wandilsonramalho.com.br\/blog\/index.php?rest_route=\/wp\/v2\/types\/post"}],"author":[{"embeddable":true,"href":"https:\/\/wandilsonramalho.com.br\/blog\/index.php?rest_route=\/wp\/v2\/users\/2"}],"replies":[{"embeddable":true,"href":"https:\/\/wandilsonramalho.com.br\/blog\/index.php?rest_route=%2Fwp%2Fv2%2Fcomments&post=6495"}],"version-history":[{"count":5,"href":"https:\/\/wandilsonramalho.com.br\/blog\/index.php?rest_route=\/wp\/v2\/posts\/6495\/revisions"}],"predecessor-version":[{"id":6502,"href":"https:\/\/wandilsonramalho.com.br\/blog\/index.php?rest_route=\/wp\/v2\/posts\/6495\/revisions\/6502"}],"wp:featuredmedia":[{"embeddable":true,"href":"https:\/\/wandilsonramalho.com.br\/blog\/index.php?rest_route=\/wp\/v2\/media\/6501"}],"wp:attachment":[{"href":"https:\/\/wandilsonramalho.com.br\/blog\/index.php?rest_route=%2Fwp%2Fv2%2Fmedia&parent=6495"}],"wp:term":[{"taxonomy":"category","embeddable":true,"href":"https:\/\/wandilsonramalho.com.br\/blog\/index.php?rest_route=%2Fwp%2Fv2%2Fcategories&post=6495"},{"taxonomy":"post_tag","embeddable":true,"href":"https:\/\/wandilsonramalho.com.br\/blog\/index.php?rest_route=%2Fwp%2Fv2%2Ftags&post=6495"}],"curies":[{"name":"wp","href":"https:\/\/api.w.org\/{rel}","templated":true}]}}