{"id":6353,"date":"2020-08-11T01:26:00","date_gmt":"2020-08-11T04:26:00","guid":{"rendered":"https:\/\/wandilsonramalho.com.br\/blog\/?p=6353"},"modified":"2020-08-10T15:31:20","modified_gmt":"2020-08-10T18:31:20","slug":"padre-demetrio-junior-e-a-reabertura-das-atividades-religiosas","status":"publish","type":"post","link":"https:\/\/wandilsonramalho.com.br\/blog\/?p=6353","title":{"rendered":"padre demetrio junior e  a reabertura das atividades religiosas"},"content":{"rendered":"\n<p>Neste tempo de reabertura das igrejas o Padre Demetrio Junior na missa\u00a0 deste domingo anunciou que nesta semana a Matriz ficar\u00e1 fechada devido alguns ajustes ,.<\/p>\n\n\n\n<p>Dia 16 domingo com  as presen\u00e7as dos fi\u00e9is com todas as recomenda\u00e7\u00f5es vigentes da OMS e\u00a0 das Dioceses do Estado \u00a0.<\/p>\n\n\n\n<p>As missas das 8 horas e das 19 horas permanecem e quem deseja participar se inscreve pelo telefone da secretaria da Paroquia ou atraves da PASCOM . <\/p>\n\n\n\n<p>Crian\u00e7as abaixo de 10 anos e de 59 anos acima n\u00e3o poder\u00e3o participar (continuam online) .<\/p>\n\n\n\n<p>O Padre Demetrio pediu compreens\u00e3o , tendo em vista todos n\u00e3o comparecerem aos atos religiosos ..<\/p>\n\n\n\n<p>Como diz aquela m\u00fasica :<\/p>\n\n\n\n<p>Calma, calma<br>N\u00e3o se preocupe, tenha calma<br>Calma, calma<br>Sim , precisamos de calma e muita compreens\u00e3o..<\/p>\n","protected":false},"excerpt":{"rendered":"<p>Neste tempo de reabertura das igrejas o Padre Demetrio Junior na missa\u00a0 deste domingo anunciou que nesta semana a Matriz ficar\u00e1 fechada devido alguns ajustes ,. Dia 16 domingo com as presen\u00e7as dos fi\u00e9is com todas as recomenda\u00e7\u00f5es vigentes da OMS e\u00a0 das Dioceses do Estado \u00a0. As missas das 8 horas e das 19 <a href=\"https:\/\/wandilsonramalho.com.br\/blog\/?p=6353\">&#8230;<\/a><\/p>\n","protected":false},"author":2,"featured_media":6355,"comment_status":"open","ping_status":"open","sticky":false,"template":"","format":"standard","meta":{"_jetpack_memberships_contains_paid_content":false,"footnotes":""},"categories":[18],"tags":[],"class_list":["post-6353","post","type-post","status-publish","format-standard","has-post-thumbnail","hentry","category-caraubas"],"jetpack_featured_media_url":"https:\/\/i0.wp.com\/wandilsonramalho.com.br\/blog\/wp-content\/uploads\/2020\/08\/51926012_2590117717681426_5452216336639852544_o-2.jpg?fit=480%2C540&ssl=1","jetpack_sharing_enabled":true,"_links":{"self":[{"href":"https:\/\/wandilsonramalho.com.br\/blog\/index.php?rest_route=\/wp\/v2\/posts\/6353","targetHints":{"allow":["GET"]}}],"collection":[{"href":"https:\/\/wandilsonramalho.com.br\/blog\/index.php?rest_route=\/wp\/v2\/posts"}],"about":[{"href":"https:\/\/wandilsonramalho.com.br\/blog\/index.php?rest_route=\/wp\/v2\/types\/post"}],"author":[{"embeddable":true,"href":"https:\/\/wandilsonramalho.com.br\/blog\/index.php?rest_route=\/wp\/v2\/users\/2"}],"replies":[{"embeddable":true,"href":"https:\/\/wandilsonramalho.com.br\/blog\/index.php?rest_route=%2Fwp%2Fv2%2Fcomments&post=6353"}],"version-history":[{"count":2,"href":"https:\/\/wandilsonramalho.com.br\/blog\/index.php?rest_route=\/wp\/v2\/posts\/6353\/revisions"}],"predecessor-version":[{"id":6356,"href":"https:\/\/wandilsonramalho.com.br\/blog\/index.php?rest_route=\/wp\/v2\/posts\/6353\/revisions\/6356"}],"wp:featuredmedia":[{"embeddable":true,"href":"https:\/\/wandilsonramalho.com.br\/blog\/index.php?rest_route=\/wp\/v2\/media\/6355"}],"wp:attachment":[{"href":"https:\/\/wandilsonramalho.com.br\/blog\/index.php?rest_route=%2Fwp%2Fv2%2Fmedia&parent=6353"}],"wp:term":[{"taxonomy":"category","embeddable":true,"href":"https:\/\/wandilsonramalho.com.br\/blog\/index.php?rest_route=%2Fwp%2Fv2%2Fcategories&post=6353"},{"taxonomy":"post_tag","embeddable":true,"href":"https:\/\/wandilsonramalho.com.br\/blog\/index.php?rest_route=%2Fwp%2Fv2%2Ftags&post=6353"}],"curies":[{"name":"wp","href":"https:\/\/api.w.org\/{rel}","templated":true}]}}