{"id":6349,"date":"2020-08-11T01:12:00","date_gmt":"2020-08-11T04:12:00","guid":{"rendered":"https:\/\/wandilsonramalho.com.br\/blog\/?p=6349"},"modified":"2020-08-10T15:23:03","modified_gmt":"2020-08-10T18:23:03","slug":"i-semana-agroecologica","status":"publish","type":"post","link":"https:\/\/wandilsonramalho.com.br\/blog\/?p=6349","title":{"rendered":"i semana agroecologica"},"content":{"rendered":"\n<p>SEMANA AGROECOLOGICA<\/p>\n\n\n\n<p>Com o tema \u201cConhecendo as Potencialidades Locais \u201c iniciou ontem 10 e prossegue at\u00e9 o dia 14&nbsp; a I SEMANA AGROECOLOGIA da Escola Estadual professor Almiro de Fran\u00e7a . Os gestores Ivanildo Costa e Ana Paula Cruz mobilizando esta semana com muita compet\u00eancia e dinamicidade &nbsp;. As lives ter\u00e3o cada dia um ou dois &nbsp;palestrantes e uma &nbsp;atra\u00e7\u00e3o cultural . Importante demais este evento para uma escola que est\u00e1 iniciando agora.<\/p>\n\n\n\n<p>PALESTRANTES E ATRA\u00c7\u00d5ES<\/p>\n\n\n\n<p>Durante a I Semana Agroecologica da Escola Almiro de Fran\u00e7a os palestrantes e as atra\u00e7\u00f5es culturais \u00a0: ontem , os palestrantes , o agr\u00f4nomo Dr Joaquim Pinheiro e a atra\u00e7\u00e3o Cultural\u00a0 Canind\u00e9 Costa, hoje , os engenheiros\u00a0 Agr\u00f4nomos Fagner Brito e Elionaldo Benevides e a atra\u00e7\u00e3o Guilherme Ramalho e amanh\u00e3 o engenheiro Agr\u00f4nomo Saulo Samuel e o Agricultor e Apicultor Idelfon\u00e7o Pereira e a atra\u00e7\u00e3o Robenildo Lima . <\/p>\n\n\n\n<p>Excelente !!<\/p>\n\n\n\n\n\n\n\n<p>Os gestores Ivanildo e Ana Paula ..<\/p>\n","protected":false},"excerpt":{"rendered":"<p>SEMANA AGROECOLOGICA Com o tema \u201cConhecendo as Potencialidades Locais \u201c iniciou ontem 10 e prossegue at\u00e9 o dia 14&nbsp; a I SEMANA AGROECOLOGIA da Escola Estadual professor Almiro de Fran\u00e7a . Os gestores Ivanildo Costa e Ana Paula Cruz mobilizando esta semana com muita compet\u00eancia e dinamicidade &nbsp;. As lives ter\u00e3o cada dia um ou <a href=\"https:\/\/wandilsonramalho.com.br\/blog\/?p=6349\">&#8230;<\/a><\/p>\n","protected":false},"author":2,"featured_media":6351,"comment_status":"open","ping_status":"open","sticky":false,"template":"","format":"standard","meta":{"_jetpack_memberships_contains_paid_content":false,"footnotes":""},"categories":[38],"tags":[],"class_list":["post-6349","post","type-post","status-publish","format-standard","has-post-thumbnail","hentry","category-especiais"],"jetpack_featured_media_url":"https:\/\/i0.wp.com\/wandilsonramalho.com.br\/blog\/wp-content\/uploads\/2020\/08\/87148246_2745375095569629_1092391091690274816_o.jpg?fit=756%2C688&ssl=1","jetpack_sharing_enabled":true,"_links":{"self":[{"href":"https:\/\/wandilsonramalho.com.br\/blog\/index.php?rest_route=\/wp\/v2\/posts\/6349","targetHints":{"allow":["GET"]}}],"collection":[{"href":"https:\/\/wandilsonramalho.com.br\/blog\/index.php?rest_route=\/wp\/v2\/posts"}],"about":[{"href":"https:\/\/wandilsonramalho.com.br\/blog\/index.php?rest_route=\/wp\/v2\/types\/post"}],"author":[{"embeddable":true,"href":"https:\/\/wandilsonramalho.com.br\/blog\/index.php?rest_route=\/wp\/v2\/users\/2"}],"replies":[{"embeddable":true,"href":"https:\/\/wandilsonramalho.com.br\/blog\/index.php?rest_route=%2Fwp%2Fv2%2Fcomments&post=6349"}],"version-history":[{"count":2,"href":"https:\/\/wandilsonramalho.com.br\/blog\/index.php?rest_route=\/wp\/v2\/posts\/6349\/revisions"}],"predecessor-version":[{"id":6352,"href":"https:\/\/wandilsonramalho.com.br\/blog\/index.php?rest_route=\/wp\/v2\/posts\/6349\/revisions\/6352"}],"wp:featuredmedia":[{"embeddable":true,"href":"https:\/\/wandilsonramalho.com.br\/blog\/index.php?rest_route=\/wp\/v2\/media\/6351"}],"wp:attachment":[{"href":"https:\/\/wandilsonramalho.com.br\/blog\/index.php?rest_route=%2Fwp%2Fv2%2Fmedia&parent=6349"}],"wp:term":[{"taxonomy":"category","embeddable":true,"href":"https:\/\/wandilsonramalho.com.br\/blog\/index.php?rest_route=%2Fwp%2Fv2%2Fcategories&post=6349"},{"taxonomy":"post_tag","embeddable":true,"href":"https:\/\/wandilsonramalho.com.br\/blog\/index.php?rest_route=%2Fwp%2Fv2%2Ftags&post=6349"}],"curies":[{"name":"wp","href":"https:\/\/api.w.org\/{rel}","templated":true}]}}