{"id":6311,"date":"2020-08-10T01:51:00","date_gmt":"2020-08-10T04:51:00","guid":{"rendered":"https:\/\/wandilsonramalho.com.br\/blog\/?p=6311"},"modified":"2020-08-10T11:33:36","modified_gmt":"2020-08-10T14:33:36","slug":"i-semana-agroecologica-e-prof-almiro-de-franca","status":"publish","type":"post","link":"https:\/\/wandilsonramalho.com.br\/blog\/?p=6311","title":{"rendered":"I SEMANA AGROecologica e.prof .almiro de fran\u00e7a .."},"content":{"rendered":"\n<p>A Escola Estadual Professor Almiro de Fran\u00e7a dirigida pelos competentes professores Ivanildo Costa e Ana Paula Cruz fazendo a diferen\u00e7a , realizando a semana Agroecol\u00f3gica &#8220;Conhecendo as Potencialidades locais&#8221; com lives at\u00e9 o dia 14 ..<\/p>\n\n\n\n<figure class=\"wp-block-image size-large\"><img data-recalc-dims=\"1\" fetchpriority=\"high\" decoding=\"async\" width=\"452\" height=\"640\" src=\"https:\/\/i0.wp.com\/wandilsonramalho.com.br\/blog\/wp-content\/uploads\/2020\/08\/6-1.jpg?resize=452%2C640&#038;ssl=1\" alt=\"\" class=\"wp-image-6314\"\/><\/figure>\n","protected":false},"excerpt":{"rendered":"<p>A Escola Estadual Professor Almiro de Fran\u00e7a dirigida pelos competentes professores Ivanildo Costa e Ana Paula Cruz fazendo a diferen\u00e7a , realizando a semana Agroecol\u00f3gica &#8220;Conhecendo as Potencialidades locais&#8221; com lives at\u00e9 o dia 14 .. <a href=\"https:\/\/wandilsonramalho.com.br\/blog\/?p=6311\">&#8230;<\/a><\/p>\n","protected":false},"author":2,"featured_media":6334,"comment_status":"open","ping_status":"open","sticky":false,"template":"","format":"standard","meta":{"_jetpack_memberships_contains_paid_content":false,"footnotes":""},"categories":[18],"tags":[],"class_list":["post-6311","post","type-post","status-publish","format-standard","has-post-thumbnail","hentry","category-caraubas"],"jetpack_featured_media_url":"https:\/\/i0.wp.com\/wandilsonramalho.com.br\/blog\/wp-content\/uploads\/2020\/08\/3.jpg?fit=480%2C480&ssl=1","jetpack_sharing_enabled":true,"_links":{"self":[{"href":"https:\/\/wandilsonramalho.com.br\/blog\/index.php?rest_route=\/wp\/v2\/posts\/6311","targetHints":{"allow":["GET"]}}],"collection":[{"href":"https:\/\/wandilsonramalho.com.br\/blog\/index.php?rest_route=\/wp\/v2\/posts"}],"about":[{"href":"https:\/\/wandilsonramalho.com.br\/blog\/index.php?rest_route=\/wp\/v2\/types\/post"}],"author":[{"embeddable":true,"href":"https:\/\/wandilsonramalho.com.br\/blog\/index.php?rest_route=\/wp\/v2\/users\/2"}],"replies":[{"embeddable":true,"href":"https:\/\/wandilsonramalho.com.br\/blog\/index.php?rest_route=%2Fwp%2Fv2%2Fcomments&post=6311"}],"version-history":[{"count":2,"href":"https:\/\/wandilsonramalho.com.br\/blog\/index.php?rest_route=\/wp\/v2\/posts\/6311\/revisions"}],"predecessor-version":[{"id":6319,"href":"https:\/\/wandilsonramalho.com.br\/blog\/index.php?rest_route=\/wp\/v2\/posts\/6311\/revisions\/6319"}],"wp:featuredmedia":[{"embeddable":true,"href":"https:\/\/wandilsonramalho.com.br\/blog\/index.php?rest_route=\/wp\/v2\/media\/6334"}],"wp:attachment":[{"href":"https:\/\/wandilsonramalho.com.br\/blog\/index.php?rest_route=%2Fwp%2Fv2%2Fmedia&parent=6311"}],"wp:term":[{"taxonomy":"category","embeddable":true,"href":"https:\/\/wandilsonramalho.com.br\/blog\/index.php?rest_route=%2Fwp%2Fv2%2Fcategories&post=6311"},{"taxonomy":"post_tag","embeddable":true,"href":"https:\/\/wandilsonramalho.com.br\/blog\/index.php?rest_route=%2Fwp%2Fv2%2Ftags&post=6311"}],"curies":[{"name":"wp","href":"https:\/\/api.w.org\/{rel}","templated":true}]}}