{"id":6252,"date":"2020-08-09T01:37:00","date_gmt":"2020-08-09T04:37:00","guid":{"rendered":"https:\/\/wandilsonramalho.com.br\/blog\/?p=6252"},"modified":"2020-08-08T14:56:44","modified_gmt":"2020-08-08T17:56:44","slug":"tadeu-benevides-voltando-ao-mundo-da-comunicacao","status":"publish","type":"post","link":"https:\/\/wandilsonramalho.com.br\/blog\/?p=6252","title":{"rendered":"Tadeu benevides voltando ao mundo da comunica\u00e7\u00e3o ."},"content":{"rendered":"\n<p>Eu, o chamo de chefe , desde o tempo que ele atuava no escotismo ..<\/p>\n\n\n\n<p>Eu, digo Tadeu Benevides passeia na comunica\u00e7\u00e3o ..<\/p>\n\n\n\n<p>Coron\u00e9 Laranjeira como \u00e9 conhecido retorna feliz ao mundo da comunica\u00e7\u00e3o , na Lideran\u00e7a Fm , com o apoio da esposa Celia e dos filhos Ivna e Tito e toda Cara\u00fabas que o aplaude ..<\/p>\n\n\n\n<p>Ele \u00e9 o cara, comunicativo , vibrante na comunica\u00e7\u00e3o , faz porque ama e cuida bem dos seus ouvintes ..com maior carinho ..<\/p>\n\n\n\n<p>Dia 17 \u00e9 o dia ..a partir das 17 horas ..<\/p>\n\n\n\n<p>Boas vindas, chefe e avante !!<\/p>\n\n\n\n\n","protected":false},"excerpt":{"rendered":"<p>Eu, o chamo de chefe , desde o tempo que ele atuava no escotismo .. Eu, digo Tadeu Benevides passeia na comunica\u00e7\u00e3o .. Coron\u00e9 Laranjeira como \u00e9 conhecido retorna feliz ao mundo da comunica\u00e7\u00e3o , na Lideran\u00e7a Fm , com o apoio da esposa Celia e dos filhos Ivna e Tito e toda Cara\u00fabas que <a href=\"https:\/\/wandilsonramalho.com.br\/blog\/?p=6252\">&#8230;<\/a><\/p>\n","protected":false},"author":2,"featured_media":6257,"comment_status":"open","ping_status":"open","sticky":false,"template":"","format":"standard","meta":{"_jetpack_memberships_contains_paid_content":false,"footnotes":""},"categories":[38],"tags":[],"class_list":["post-6252","post","type-post","status-publish","format-standard","has-post-thumbnail","hentry","category-especiais"],"jetpack_featured_media_url":"https:\/\/i0.wp.com\/wandilsonramalho.com.br\/blog\/wp-content\/uploads\/2020\/08\/DSC_0342.jpg?fit=506%2C480&ssl=1","jetpack_sharing_enabled":true,"_links":{"self":[{"href":"https:\/\/wandilsonramalho.com.br\/blog\/index.php?rest_route=\/wp\/v2\/posts\/6252","targetHints":{"allow":["GET"]}}],"collection":[{"href":"https:\/\/wandilsonramalho.com.br\/blog\/index.php?rest_route=\/wp\/v2\/posts"}],"about":[{"href":"https:\/\/wandilsonramalho.com.br\/blog\/index.php?rest_route=\/wp\/v2\/types\/post"}],"author":[{"embeddable":true,"href":"https:\/\/wandilsonramalho.com.br\/blog\/index.php?rest_route=\/wp\/v2\/users\/2"}],"replies":[{"embeddable":true,"href":"https:\/\/wandilsonramalho.com.br\/blog\/index.php?rest_route=%2Fwp%2Fv2%2Fcomments&post=6252"}],"version-history":[{"count":3,"href":"https:\/\/wandilsonramalho.com.br\/blog\/index.php?rest_route=\/wp\/v2\/posts\/6252\/revisions"}],"predecessor-version":[{"id":6256,"href":"https:\/\/wandilsonramalho.com.br\/blog\/index.php?rest_route=\/wp\/v2\/posts\/6252\/revisions\/6256"}],"wp:featuredmedia":[{"embeddable":true,"href":"https:\/\/wandilsonramalho.com.br\/blog\/index.php?rest_route=\/wp\/v2\/media\/6257"}],"wp:attachment":[{"href":"https:\/\/wandilsonramalho.com.br\/blog\/index.php?rest_route=%2Fwp%2Fv2%2Fmedia&parent=6252"}],"wp:term":[{"taxonomy":"category","embeddable":true,"href":"https:\/\/wandilsonramalho.com.br\/blog\/index.php?rest_route=%2Fwp%2Fv2%2Fcategories&post=6252"},{"taxonomy":"post_tag","embeddable":true,"href":"https:\/\/wandilsonramalho.com.br\/blog\/index.php?rest_route=%2Fwp%2Fv2%2Ftags&post=6252"}],"curies":[{"name":"wp","href":"https:\/\/api.w.org\/{rel}","templated":true}]}}