{"id":6159,"date":"2020-08-04T01:41:00","date_gmt":"2020-08-04T04:41:00","guid":{"rendered":"https:\/\/wandilsonramalho.com.br\/blog\/?p=6159"},"modified":"2020-08-03T16:43:27","modified_gmt":"2020-08-03T19:43:27","slug":"vacinacao-sarampo","status":"publish","type":"post","link":"https:\/\/wandilsonramalho.com.br\/blog\/?p=6159","title":{"rendered":"vacina\u00e7\u00e3o -sarampo"},"content":{"rendered":"\n<p>Desde ontem 03 e prossegue at\u00e9 o dia 31 deste a Campanha de Vacina\u00e7\u00e3o contra sarampo RN que tem o comando a Secretaria de Estado de Sa\u00fade Publica (SESAP ) e visa imunizar pessoas de 20 a 49 anos .<\/p>\n","protected":false},"excerpt":{"rendered":"<p>Desde ontem 03 e prossegue at\u00e9 o dia 31 deste a Campanha de Vacina\u00e7\u00e3o contra sarampo RN que tem o comando a Secretaria de Estado de Sa\u00fade Publica (SESAP ) e visa imunizar pessoas de 20 a 49 anos . <a href=\"https:\/\/wandilsonramalho.com.br\/blog\/?p=6159\">&#8230;<\/a><\/p>\n","protected":false},"author":2,"featured_media":6162,"comment_status":"open","ping_status":"open","sticky":false,"template":"","format":"standard","meta":{"_jetpack_memberships_contains_paid_content":false,"footnotes":""},"categories":[1],"tags":[],"class_list":["post-6159","post","type-post","status-publish","format-standard","has-post-thumbnail","hentry","category-uncategorized"],"jetpack_featured_media_url":"https:\/\/i0.wp.com\/wandilsonramalho.com.br\/blog\/wp-content\/uploads\/2020\/08\/Vacina%C3%A7%C3%A3o-contra-o-sarampo-come%C3%A7a-dia-23-e-foca-pessoas-de-20-a-49-anos-1.jpeg?fit=640%2C280&ssl=1","jetpack_sharing_enabled":true,"_links":{"self":[{"href":"https:\/\/wandilsonramalho.com.br\/blog\/index.php?rest_route=\/wp\/v2\/posts\/6159","targetHints":{"allow":["GET"]}}],"collection":[{"href":"https:\/\/wandilsonramalho.com.br\/blog\/index.php?rest_route=\/wp\/v2\/posts"}],"about":[{"href":"https:\/\/wandilsonramalho.com.br\/blog\/index.php?rest_route=\/wp\/v2\/types\/post"}],"author":[{"embeddable":true,"href":"https:\/\/wandilsonramalho.com.br\/blog\/index.php?rest_route=\/wp\/v2\/users\/2"}],"replies":[{"embeddable":true,"href":"https:\/\/wandilsonramalho.com.br\/blog\/index.php?rest_route=%2Fwp%2Fv2%2Fcomments&post=6159"}],"version-history":[{"count":2,"href":"https:\/\/wandilsonramalho.com.br\/blog\/index.php?rest_route=\/wp\/v2\/posts\/6159\/revisions"}],"predecessor-version":[{"id":6163,"href":"https:\/\/wandilsonramalho.com.br\/blog\/index.php?rest_route=\/wp\/v2\/posts\/6159\/revisions\/6163"}],"wp:featuredmedia":[{"embeddable":true,"href":"https:\/\/wandilsonramalho.com.br\/blog\/index.php?rest_route=\/wp\/v2\/media\/6162"}],"wp:attachment":[{"href":"https:\/\/wandilsonramalho.com.br\/blog\/index.php?rest_route=%2Fwp%2Fv2%2Fmedia&parent=6159"}],"wp:term":[{"taxonomy":"category","embeddable":true,"href":"https:\/\/wandilsonramalho.com.br\/blog\/index.php?rest_route=%2Fwp%2Fv2%2Fcategories&post=6159"},{"taxonomy":"post_tag","embeddable":true,"href":"https:\/\/wandilsonramalho.com.br\/blog\/index.php?rest_route=%2Fwp%2Fv2%2Ftags&post=6159"}],"curies":[{"name":"wp","href":"https:\/\/api.w.org\/{rel}","templated":true}]}}