{"id":6156,"date":"2020-08-04T01:27:00","date_gmt":"2020-08-04T04:27:00","guid":{"rendered":"https:\/\/wandilsonramalho.com.br\/blog\/?p=6156"},"modified":"2020-08-03T16:29:27","modified_gmt":"2020-08-03T19:29:27","slug":"oito-anos-de-vida-sacerdotal","status":"publish","type":"post","link":"https:\/\/wandilsonramalho.com.br\/blog\/?p=6156","title":{"rendered":"oito anos de vida sacerdotal .."},"content":{"rendered":"\n<p>No dia 04 de agosto de 2012 o padre Frederico Gurgel C\u00e2mara formado em Teologia com \u00a0mestrado em Teologia Dogm\u00e1tica, em Roma , pela imposi\u00e7\u00e3o das m\u00e3os do Bispo Diocesano, Dom Mariano Manzana este caraubense foi consagrado Padre . <\/p>\n\n\n\n<p>Hoje ,\u00e9 \u00a0P\u00e1roco na Par\u00f3quia S\u00e3o Jo\u00e3o Batista , Cupira \/PE e Reitor do Semin\u00e1rio Maior S\u00e3o Jo\u00e3o Paulo II . <\/p>\n\n\n\n<p>Oito anos de miss\u00e3o .<\/p>\n\n\n\n<p> Parab\u00e9ns , duplo pelos oito anos de sacerdote e pelo dia do Padre .<\/p>\n","protected":false},"excerpt":{"rendered":"<p>No dia 04 de agosto de 2012 o padre Frederico Gurgel C\u00e2mara formado em Teologia com \u00a0mestrado em Teologia Dogm\u00e1tica, em Roma , pela imposi\u00e7\u00e3o das m\u00e3os do Bispo Diocesano, Dom Mariano Manzana este caraubense foi consagrado Padre . Hoje ,\u00e9 \u00a0P\u00e1roco na Par\u00f3quia S\u00e3o Jo\u00e3o Batista , Cupira \/PE e Reitor do Semin\u00e1rio Maior <a href=\"https:\/\/wandilsonramalho.com.br\/blog\/?p=6156\">&#8230;<\/a><\/p>\n","protected":false},"author":2,"featured_media":6157,"comment_status":"open","ping_status":"open","sticky":false,"template":"","format":"standard","meta":{"_jetpack_memberships_contains_paid_content":false,"footnotes":""},"categories":[29],"tags":[],"class_list":["post-6156","post","type-post","status-publish","format-standard","has-post-thumbnail","hentry","category-gente-chique"],"jetpack_featured_media_url":"https:\/\/i0.wp.com\/wandilsonramalho.com.br\/blog\/wp-content\/uploads\/2020\/08\/f03-padre-fred.jpg?fit=400%2C600&ssl=1","jetpack_sharing_enabled":true,"_links":{"self":[{"href":"https:\/\/wandilsonramalho.com.br\/blog\/index.php?rest_route=\/wp\/v2\/posts\/6156","targetHints":{"allow":["GET"]}}],"collection":[{"href":"https:\/\/wandilsonramalho.com.br\/blog\/index.php?rest_route=\/wp\/v2\/posts"}],"about":[{"href":"https:\/\/wandilsonramalho.com.br\/blog\/index.php?rest_route=\/wp\/v2\/types\/post"}],"author":[{"embeddable":true,"href":"https:\/\/wandilsonramalho.com.br\/blog\/index.php?rest_route=\/wp\/v2\/users\/2"}],"replies":[{"embeddable":true,"href":"https:\/\/wandilsonramalho.com.br\/blog\/index.php?rest_route=%2Fwp%2Fv2%2Fcomments&post=6156"}],"version-history":[{"count":1,"href":"https:\/\/wandilsonramalho.com.br\/blog\/index.php?rest_route=\/wp\/v2\/posts\/6156\/revisions"}],"predecessor-version":[{"id":6158,"href":"https:\/\/wandilsonramalho.com.br\/blog\/index.php?rest_route=\/wp\/v2\/posts\/6156\/revisions\/6158"}],"wp:featuredmedia":[{"embeddable":true,"href":"https:\/\/wandilsonramalho.com.br\/blog\/index.php?rest_route=\/wp\/v2\/media\/6157"}],"wp:attachment":[{"href":"https:\/\/wandilsonramalho.com.br\/blog\/index.php?rest_route=%2Fwp%2Fv2%2Fmedia&parent=6156"}],"wp:term":[{"taxonomy":"category","embeddable":true,"href":"https:\/\/wandilsonramalho.com.br\/blog\/index.php?rest_route=%2Fwp%2Fv2%2Fcategories&post=6156"},{"taxonomy":"post_tag","embeddable":true,"href":"https:\/\/wandilsonramalho.com.br\/blog\/index.php?rest_route=%2Fwp%2Fv2%2Ftags&post=6156"}],"curies":[{"name":"wp","href":"https:\/\/api.w.org\/{rel}","templated":true}]}}