{"id":6152,"date":"2020-08-04T01:17:00","date_gmt":"2020-08-04T04:17:00","guid":{"rendered":"https:\/\/wandilsonramalho.com.br\/blog\/?p=6152"},"modified":"2020-08-03T16:26:56","modified_gmt":"2020-08-03T19:26:56","slug":"aplausos-pedro-fiuza","status":"publish","type":"post","link":"https:\/\/wandilsonramalho.com.br\/blog\/?p=6152","title":{"rendered":"aplausos, pedro fiuza .."},"content":{"rendered":"\n<p>O curta metragem potiguar\u00a0 de fic\u00e7\u00e3o \u201cVai Melhorar \u201c , de Pedro Fiuza \u00e9 o \u00fanico potiguar selecionado para\u00a0 a 31\u00aa\u00a0 edi\u00e7\u00e3o do Curta Kinoforum \u2013Festival Internacional de Curtas Metragens de S\u00e3o Paulo\u00a0 que acontece de 20 a 30 deste.<\/p>\n\n\n\n<p> \u201cVai Melhorar \u201c \u00e9 dos 28 curtas que ir\u00e1 compor a programa\u00e7\u00e3o da Mostra Brasil do Festival , entre tr\u00eas mil filmes inscritos . <\/p>\n\n\n\n<p>Sua m\u00e3e, f\u00e3 de carteirinha est\u00e1 orgulhosa !<\/p>\n\n\n\n<p>N\u00f3s estamos felizes !!<\/p>\n\n\n","protected":false},"excerpt":{"rendered":"<p>O curta metragem potiguar\u00a0 de fic\u00e7\u00e3o \u201cVai Melhorar \u201c , de Pedro Fiuza \u00e9 o \u00fanico potiguar selecionado para\u00a0 a 31\u00aa\u00a0 edi\u00e7\u00e3o do Curta Kinoforum \u2013Festival Internacional de Curtas Metragens de S\u00e3o Paulo\u00a0 que acontece de 20 a 30 deste. \u201cVai Melhorar \u201c \u00e9 dos 28 curtas que ir\u00e1 compor a programa\u00e7\u00e3o da Mostra Brasil <a href=\"https:\/\/wandilsonramalho.com.br\/blog\/?p=6152\">&#8230;<\/a><\/p>\n","protected":false},"author":2,"featured_media":6154,"comment_status":"open","ping_status":"open","sticky":false,"template":"","format":"standard","meta":{"_jetpack_memberships_contains_paid_content":false,"footnotes":""},"categories":[38],"tags":[],"class_list":["post-6152","post","type-post","status-publish","format-standard","has-post-thumbnail","hentry","category-especiais"],"jetpack_featured_media_url":"https:\/\/i0.wp.com\/wandilsonramalho.com.br\/blog\/wp-content\/uploads\/2020\/08\/F05-PEDRO.jpg?fit=640%2C463&ssl=1","jetpack_sharing_enabled":true,"_links":{"self":[{"href":"https:\/\/wandilsonramalho.com.br\/blog\/index.php?rest_route=\/wp\/v2\/posts\/6152","targetHints":{"allow":["GET"]}}],"collection":[{"href":"https:\/\/wandilsonramalho.com.br\/blog\/index.php?rest_route=\/wp\/v2\/posts"}],"about":[{"href":"https:\/\/wandilsonramalho.com.br\/blog\/index.php?rest_route=\/wp\/v2\/types\/post"}],"author":[{"embeddable":true,"href":"https:\/\/wandilsonramalho.com.br\/blog\/index.php?rest_route=\/wp\/v2\/users\/2"}],"replies":[{"embeddable":true,"href":"https:\/\/wandilsonramalho.com.br\/blog\/index.php?rest_route=%2Fwp%2Fv2%2Fcomments&post=6152"}],"version-history":[{"count":2,"href":"https:\/\/wandilsonramalho.com.br\/blog\/index.php?rest_route=\/wp\/v2\/posts\/6152\/revisions"}],"predecessor-version":[{"id":6155,"href":"https:\/\/wandilsonramalho.com.br\/blog\/index.php?rest_route=\/wp\/v2\/posts\/6152\/revisions\/6155"}],"wp:featuredmedia":[{"embeddable":true,"href":"https:\/\/wandilsonramalho.com.br\/blog\/index.php?rest_route=\/wp\/v2\/media\/6154"}],"wp:attachment":[{"href":"https:\/\/wandilsonramalho.com.br\/blog\/index.php?rest_route=%2Fwp%2Fv2%2Fmedia&parent=6152"}],"wp:term":[{"taxonomy":"category","embeddable":true,"href":"https:\/\/wandilsonramalho.com.br\/blog\/index.php?rest_route=%2Fwp%2Fv2%2Fcategories&post=6152"},{"taxonomy":"post_tag","embeddable":true,"href":"https:\/\/wandilsonramalho.com.br\/blog\/index.php?rest_route=%2Fwp%2Fv2%2Ftags&post=6152"}],"curies":[{"name":"wp","href":"https:\/\/api.w.org\/{rel}","templated":true}]}}