{"id":5962,"date":"2020-07-28T01:48:00","date_gmt":"2020-07-28T04:48:00","guid":{"rendered":"https:\/\/wandilsonramalho.com.br\/blog\/?p=5962"},"modified":"2020-07-27T16:52:56","modified_gmt":"2020-07-27T19:52:56","slug":"a-cdl-comercio-seguro","status":"publish","type":"post","link":"https:\/\/wandilsonramalho.com.br\/blog\/?p=5962","title":{"rendered":"a cdl -com\u00e9rcio seguro .."},"content":{"rendered":"\n<p>\u00a0A Federa\u00e7\u00e3o das C\u00e2maras de Dirigentes Lojistas do Rio Grande do Norte em parceria com as 32 CDLs do Estado, lan\u00e7aram no\u00a0 dia 01\/07 o projeto Com\u00e9rcio Seguro, que tem como objetivo preparar lojistas, colaboradores e consumidores para a retomada das atividades comerciais, al\u00e9m de premiar as lojas que cumprem todos protocolos com um selo representativo. <\/p>\n\n\n\n<p>A ideia de acordo com o presidente da FCDL RN, Jos\u00e9 Maria da Silva \u00e9 orientar os empres\u00e1rios para a retomada das atividades, fortalecer o com\u00e9rcio local e incentivar a compra dentro dos munic\u00edpios. <\/p>\n\n\n\n<p>No lan\u00e7amento oficial do projeto, foi apresentado a cartilha e v\u00eddeo institucional, e todas as informa\u00e7\u00f5es necess\u00e1rias para os lojistas adquirirem o selo<\/p>\n\n\n\n<p>Em Cara\u00fabas , o presidente Haroldo Gurgel Mota em a\u00e7\u00e3o com este projeto .<\/p>\n\n\n\n\n","protected":false},"excerpt":{"rendered":"<p>\u00a0A Federa\u00e7\u00e3o das C\u00e2maras de Dirigentes Lojistas do Rio Grande do Norte em parceria com as 32 CDLs do Estado, lan\u00e7aram no\u00a0 dia 01\/07 o projeto Com\u00e9rcio Seguro, que tem como objetivo preparar lojistas, colaboradores e consumidores para a retomada das atividades comerciais, al\u00e9m de premiar as lojas que cumprem todos protocolos com um selo <a href=\"https:\/\/wandilsonramalho.com.br\/blog\/?p=5962\">&#8230;<\/a><\/p>\n","protected":false},"author":2,"featured_media":5965,"comment_status":"open","ping_status":"open","sticky":false,"template":"","format":"standard","meta":{"_jetpack_memberships_contains_paid_content":false,"footnotes":""},"categories":[18],"tags":[],"class_list":["post-5962","post","type-post","status-publish","format-standard","has-post-thumbnail","hentry","category-caraubas"],"jetpack_featured_media_url":"https:\/\/i0.wp.com\/wandilsonramalho.com.br\/blog\/wp-content\/uploads\/2020\/07\/21752634_1148129775319549_7724495660200714675_o-1.jpg?fit=430%2C600&ssl=1","jetpack_sharing_enabled":true,"_links":{"self":[{"href":"https:\/\/wandilsonramalho.com.br\/blog\/index.php?rest_route=\/wp\/v2\/posts\/5962","targetHints":{"allow":["GET"]}}],"collection":[{"href":"https:\/\/wandilsonramalho.com.br\/blog\/index.php?rest_route=\/wp\/v2\/posts"}],"about":[{"href":"https:\/\/wandilsonramalho.com.br\/blog\/index.php?rest_route=\/wp\/v2\/types\/post"}],"author":[{"embeddable":true,"href":"https:\/\/wandilsonramalho.com.br\/blog\/index.php?rest_route=\/wp\/v2\/users\/2"}],"replies":[{"embeddable":true,"href":"https:\/\/wandilsonramalho.com.br\/blog\/index.php?rest_route=%2Fwp%2Fv2%2Fcomments&post=5962"}],"version-history":[{"count":1,"href":"https:\/\/wandilsonramalho.com.br\/blog\/index.php?rest_route=\/wp\/v2\/posts\/5962\/revisions"}],"predecessor-version":[{"id":5966,"href":"https:\/\/wandilsonramalho.com.br\/blog\/index.php?rest_route=\/wp\/v2\/posts\/5962\/revisions\/5966"}],"wp:featuredmedia":[{"embeddable":true,"href":"https:\/\/wandilsonramalho.com.br\/blog\/index.php?rest_route=\/wp\/v2\/media\/5965"}],"wp:attachment":[{"href":"https:\/\/wandilsonramalho.com.br\/blog\/index.php?rest_route=%2Fwp%2Fv2%2Fmedia&parent=5962"}],"wp:term":[{"taxonomy":"category","embeddable":true,"href":"https:\/\/wandilsonramalho.com.br\/blog\/index.php?rest_route=%2Fwp%2Fv2%2Fcategories&post=5962"},{"taxonomy":"post_tag","embeddable":true,"href":"https:\/\/wandilsonramalho.com.br\/blog\/index.php?rest_route=%2Fwp%2Fv2%2Ftags&post=5962"}],"curies":[{"name":"wp","href":"https:\/\/api.w.org\/{rel}","templated":true}]}}