{"id":5891,"date":"2020-07-24T01:39:00","date_gmt":"2020-07-24T04:39:00","guid":{"rendered":"https:\/\/wandilsonramalho.com.br\/blog\/?p=5891"},"modified":"2020-07-23T13:42:56","modified_gmt":"2020-07-23T16:42:56","slug":"pe-norberto-penzkolfer-o-administrador-diocesano-de-palmares-pe","status":"publish","type":"post","link":"https:\/\/wandilsonramalho.com.br\/blog\/?p=5891","title":{"rendered":"Pe. Norberto Penzk\u00f6lfer,   o ADMINISTRADOR dIOCESANO DE pALMARES \/pe."},"content":{"rendered":"\n<p>O Col\u00e9gio de Consultores escolheu o Vig\u00e1rio-Geral, Pe. Norberto Penzk\u00f6lfer, como Administrador Diocesano com a morte de com a morte de Dom Henrique Soares da Costa, 3\u00b0 bispo de Palmares.<\/p>\n\n\n\n<p>O Padre Norberto ficar\u00e1 at\u00e9 que  o Papa Francisco escolha o sucessor de Dom Henrique \u00e0 Diocese de Palmares, Pe.<\/p>\n\n\n\n<p>Am\u00e9m..<\/p>\n\n\n\n<p>Atrav\u00e9s do Padre Fred Gurgel , enviamos votos de muita luz para conduzir os caminhos desta Diocese ao Padre Norberto ..<\/p>\n\n\n\n\n\n\n\n\n\n\n\n\n\n\n\n\n","protected":false},"excerpt":{"rendered":"<p>O Col\u00e9gio de Consultores escolheu o Vig\u00e1rio-Geral, Pe. Norberto Penzk\u00f6lfer, como Administrador Diocesano com a morte de com a morte de Dom Henrique Soares da Costa, 3\u00b0 bispo de Palmares. O Padre Norberto ficar\u00e1 at\u00e9 que o Papa Francisco escolha o sucessor de Dom Henrique \u00e0 Diocese de Palmares, Pe. Am\u00e9m.. Atrav\u00e9s do Padre Fred <a href=\"https:\/\/wandilsonramalho.com.br\/blog\/?p=5891\">&#8230;<\/a><\/p>\n","protected":false},"author":2,"featured_media":5893,"comment_status":"open","ping_status":"open","sticky":false,"template":"","format":"standard","meta":{"_jetpack_memberships_contains_paid_content":false,"footnotes":""},"categories":[1,38],"tags":[],"class_list":["post-5891","post","type-post","status-publish","format-standard","has-post-thumbnail","hentry","category-uncategorized","category-especiais"],"jetpack_featured_media_url":"https:\/\/i0.wp.com\/wandilsonramalho.com.br\/blog\/wp-content\/uploads\/2020\/07\/116262365_1600360080122113_5990203975249276087_n.jpg?fit=480%2C480&ssl=1","jetpack_sharing_enabled":true,"_links":{"self":[{"href":"https:\/\/wandilsonramalho.com.br\/blog\/index.php?rest_route=\/wp\/v2\/posts\/5891","targetHints":{"allow":["GET"]}}],"collection":[{"href":"https:\/\/wandilsonramalho.com.br\/blog\/index.php?rest_route=\/wp\/v2\/posts"}],"about":[{"href":"https:\/\/wandilsonramalho.com.br\/blog\/index.php?rest_route=\/wp\/v2\/types\/post"}],"author":[{"embeddable":true,"href":"https:\/\/wandilsonramalho.com.br\/blog\/index.php?rest_route=\/wp\/v2\/users\/2"}],"replies":[{"embeddable":true,"href":"https:\/\/wandilsonramalho.com.br\/blog\/index.php?rest_route=%2Fwp%2Fv2%2Fcomments&post=5891"}],"version-history":[{"count":2,"href":"https:\/\/wandilsonramalho.com.br\/blog\/index.php?rest_route=\/wp\/v2\/posts\/5891\/revisions"}],"predecessor-version":[{"id":5894,"href":"https:\/\/wandilsonramalho.com.br\/blog\/index.php?rest_route=\/wp\/v2\/posts\/5891\/revisions\/5894"}],"wp:featuredmedia":[{"embeddable":true,"href":"https:\/\/wandilsonramalho.com.br\/blog\/index.php?rest_route=\/wp\/v2\/media\/5893"}],"wp:attachment":[{"href":"https:\/\/wandilsonramalho.com.br\/blog\/index.php?rest_route=%2Fwp%2Fv2%2Fmedia&parent=5891"}],"wp:term":[{"taxonomy":"category","embeddable":true,"href":"https:\/\/wandilsonramalho.com.br\/blog\/index.php?rest_route=%2Fwp%2Fv2%2Fcategories&post=5891"},{"taxonomy":"post_tag","embeddable":true,"href":"https:\/\/wandilsonramalho.com.br\/blog\/index.php?rest_route=%2Fwp%2Fv2%2Ftags&post=5891"}],"curies":[{"name":"wp","href":"https:\/\/api.w.org\/{rel}","templated":true}]}}