{"id":5843,"date":"2020-07-23T00:26:00","date_gmt":"2020-07-23T03:26:00","guid":{"rendered":"https:\/\/wandilsonramalho.com.br\/blog\/?p=5843"},"modified":"2020-07-23T08:23:57","modified_gmt":"2020-07-23T11:23:57","slug":"afetos-nao-abrevie","status":"publish","type":"post","link":"https:\/\/wandilsonramalho.com.br\/blog\/?p=5843","title":{"rendered":"afetos ..n\u00e3o abrevie .."},"content":{"rendered":"\n<p>N\u00e3o abrevie afetos ..<\/p>\n\n\n\n<p>Ao acordar ..lembre de quem desejaria &#8230;um bom dia , seu !!<\/p>\n\n\n\n<p>Ao acordar passe uma mensagem para saber como vai , aquela pessoa que voc\u00ea  tem amizade , quer bem ..<\/p>\n\n\n\n<p>Ao acordar neste tempo de pandemia .. lembre de passar uma mensagem para uma pessoa que est\u00e1 com Covid..dizendo assim , vai passar , tudo vai dar certo ..creia em Deus ..estou rezando por voc\u00ea..(voc\u00ea n\u00e3o sabe o bem que faz !)..<\/p>\n\n\n\n<p>Ser lembrado \u00e9 t\u00e3o bom !! <\/p>\n\n\n\n<p>Receber um bom , boa tarde e boa noite \u00e9 m\u00e1gico ..<\/p>\n\n\n\n<p>Vamos ado\u00e7ar com afeto nossos dias ..neste tempo de isolamento &#8230;.<\/p>\n\n\n\n<p>Vamos espalhar amor, alegria , paz , bem querer , amizade ..carinho ..<\/p>\n\n\n\n<p>As vezes s\u00f3  em dizer o nome da pessoa j\u00e1 ressoa bem &#8230;j\u00e1 enaltece , j\u00e1 ergue , j\u00e1 deixa a pessoa mais cheia de entusiasmo ..<\/p>\n\n\n\n<p>S\u00f3 em dizer &#8220;Estou aqui &#8221; faz o mundo girar ..girar para o bem ..<\/p>\n\n\n\n<p>Foto Alex Gurgel <\/p>\n\n\n\n\n\n\n\n\n","protected":false},"excerpt":{"rendered":"<p>N\u00e3o abrevie afetos .. Ao acordar ..lembre de quem desejaria &#8230;um bom dia , seu !! Ao acordar passe uma mensagem para saber como vai , aquela pessoa que voc\u00ea tem amizade , quer bem .. Ao acordar neste tempo de pandemia .. lembre de passar uma mensagem para uma pessoa que est\u00e1 com Covid..dizendo <a href=\"https:\/\/wandilsonramalho.com.br\/blog\/?p=5843\">&#8230;<\/a><\/p>\n","protected":false},"author":2,"featured_media":5848,"comment_status":"open","ping_status":"open","sticky":false,"template":"","format":"standard","meta":{"_jetpack_memberships_contains_paid_content":false,"footnotes":""},"categories":[2],"tags":[],"class_list":["post-5843","post","type-post","status-publish","format-standard","has-post-thumbnail","hentry","category-mensagens"],"jetpack_featured_media_url":"https:\/\/i0.wp.com\/wandilsonramalho.com.br\/blog\/wp-content\/uploads\/2020\/07\/fonte-zlex-gurgel.jpg?fit=696%2C960&ssl=1","jetpack_sharing_enabled":true,"_links":{"self":[{"href":"https:\/\/wandilsonramalho.com.br\/blog\/index.php?rest_route=\/wp\/v2\/posts\/5843","targetHints":{"allow":["GET"]}}],"collection":[{"href":"https:\/\/wandilsonramalho.com.br\/blog\/index.php?rest_route=\/wp\/v2\/posts"}],"about":[{"href":"https:\/\/wandilsonramalho.com.br\/blog\/index.php?rest_route=\/wp\/v2\/types\/post"}],"author":[{"embeddable":true,"href":"https:\/\/wandilsonramalho.com.br\/blog\/index.php?rest_route=\/wp\/v2\/users\/2"}],"replies":[{"embeddable":true,"href":"https:\/\/wandilsonramalho.com.br\/blog\/index.php?rest_route=%2Fwp%2Fv2%2Fcomments&post=5843"}],"version-history":[{"count":5,"href":"https:\/\/wandilsonramalho.com.br\/blog\/index.php?rest_route=\/wp\/v2\/posts\/5843\/revisions"}],"predecessor-version":[{"id":5859,"href":"https:\/\/wandilsonramalho.com.br\/blog\/index.php?rest_route=\/wp\/v2\/posts\/5843\/revisions\/5859"}],"wp:featuredmedia":[{"embeddable":true,"href":"https:\/\/wandilsonramalho.com.br\/blog\/index.php?rest_route=\/wp\/v2\/media\/5848"}],"wp:attachment":[{"href":"https:\/\/wandilsonramalho.com.br\/blog\/index.php?rest_route=%2Fwp%2Fv2%2Fmedia&parent=5843"}],"wp:term":[{"taxonomy":"category","embeddable":true,"href":"https:\/\/wandilsonramalho.com.br\/blog\/index.php?rest_route=%2Fwp%2Fv2%2Fcategories&post=5843"},{"taxonomy":"post_tag","embeddable":true,"href":"https:\/\/wandilsonramalho.com.br\/blog\/index.php?rest_route=%2Fwp%2Fv2%2Ftags&post=5843"}],"curies":[{"name":"wp","href":"https:\/\/api.w.org\/{rel}","templated":true}]}}