{"id":5617,"date":"2020-07-15T00:39:00","date_gmt":"2020-07-15T03:39:00","guid":{"rendered":"https:\/\/wandilsonramalho.com.br\/blog\/?p=5617"},"modified":"2020-07-15T07:01:50","modified_gmt":"2020-07-15T10:01:50","slug":"texto-lindo-de-cacilia-meireles","status":"publish","type":"post","link":"https:\/\/wandilsonramalho.com.br\/blog\/?p=5617","title":{"rendered":"TEXTO LINDO DE CEC\u00cdLIa meireles"},"content":{"rendered":"\n<p><strong>&nbsp;*&#8221;&#8230;Em que espelho ficou perdida a minha face&#8221;*&#8230;&nbsp;&nbsp;&nbsp; (Cec\u00edlia Meireles )<\/strong><\/p>\n\n\n\n<p><strong>\u00c0s vezes acordo triste e nem sei o porqu\u00ea dessa tristeza.<\/strong><\/p>\n\n\n\n<p><strong>Uma ang\u00fastia,&nbsp; um descontentamento,&nbsp; uma solid\u00e3o interior&#8230;<\/strong><\/p>\n\n\n\n<p><strong>Muitas vezes vem uma vontade de chorar, uma fragilidade que nada parece estar bom&#8230;<\/strong><\/p>\n\n\n\n<p><strong>N\u00f3s ,que j\u00e1 passamos dos 50, muitas vezes nos encontramos assim. O mundo inteiro caminha normalmente, tudo est\u00e1 bem e vem essa tristeza.<\/strong><\/p>\n\n\n\n<p><strong>Quantas vezes eu me olhei no espelho e me curti, me achei linda e sai dona do mundo esbanjando mocidade e vendendo alegria?<\/strong><\/p>\n\n\n\n<p><strong>Quantas vezes fui elogiada, fotografada por olhares cheios de admira\u00e7\u00e3o?<\/strong><\/p>\n\n\n\n<p><strong>E no espelho desfilei caras e bocas&#8230;Com a beleza que aos poucos foi se modificando, foi mudando de fases, foi se perdendo e dando lugar a&nbsp; um outro tipo de mulher: a mulher madura, aquela que muitas vezes ouve como elogio: voc\u00ea est\u00e1 conservada.<\/strong><\/p>\n\n\n\n<p><strong>Que triste elogio! Diga como vc est\u00e1 bonita, que linda vc&nbsp; est\u00e1. ..soa melhor, engrandece a alma, que hoje j\u00e1 tem tantas cicatrizes.<\/strong><\/p>\n\n\n\n<p><strong>Beleza est\u00e1 em todas as idades, conversem com seu espelho e descubra o seu ponto forte, ele pode estar no seu interior.<\/strong><\/p>\n\n\n\n<p><strong>Onde ficou perdida minha face?<\/strong><\/p>\n\n\n\n<p><strong>N\u00e3o sei, s\u00f3 sei que vou passar o meu batom vermelho, rimel e l\u00e1pis nos olhos,<\/strong><\/p>\n\n\n\n<p><strong>deixar meus cabelos ao vento, vestir meu vestido de festa e subir no salto, como sempre fiz e sair linda e maravilhosa curtindo os meus 63 anos.<\/strong><\/p>\n\n\n\n<p><strong>Fa\u00e7a o mesmo vc de 50, 60, 70, 80, 90&#8230;<\/strong><\/p>\n\n\n\n<p><strong>E n\u00e3o se entriste\u00e7a vivendo do passado e tendo medo de aproveitar a vida.<\/strong><\/p>\n\n\n\n<p><strong>Se n\u00e3o usar mais salto, coloque uma rasteirinha ou se preferir fique descal\u00e7a na areia da praia.<\/strong><\/p>\n\n\n\n<p><strong>Voc\u00ea \u00e9 linda em qualquer idade.<\/strong><\/p>\n\n\n\n<p><strong>*Para todas as mulheres que se amam e que amam a vida*.<\/strong><\/p>\n\n\n\n\n","protected":false},"excerpt":{"rendered":"<p>&nbsp;*&#8221;&#8230;Em que espelho ficou perdida a minha face&#8221;*&#8230;&nbsp;&nbsp;&nbsp; (Cec\u00edlia Meireles ) \u00c0s vezes acordo triste e nem sei o porqu\u00ea dessa tristeza. Uma ang\u00fastia,&nbsp; um descontentamento,&nbsp; uma solid\u00e3o interior&#8230; Muitas vezes vem uma vontade de chorar, uma fragilidade que nada parece estar bom&#8230; N\u00f3s ,que j\u00e1 passamos dos 50, muitas vezes nos encontramos assim. O <a href=\"https:\/\/wandilsonramalho.com.br\/blog\/?p=5617\">&#8230;<\/a><\/p>\n","protected":false},"author":2,"featured_media":5622,"comment_status":"open","ping_status":"open","sticky":false,"template":"","format":"standard","meta":{"_jetpack_memberships_contains_paid_content":false,"footnotes":""},"categories":[2],"tags":[],"class_list":["post-5617","post","type-post","status-publish","format-standard","has-post-thumbnail","hentry","category-mensagens"],"jetpack_featured_media_url":"https:\/\/i0.wp.com\/wandilsonramalho.com.br\/blog\/wp-content\/uploads\/2020\/07\/eseplaho.jpg?fit=500%2C350&ssl=1","jetpack_sharing_enabled":true,"_links":{"self":[{"href":"https:\/\/wandilsonramalho.com.br\/blog\/index.php?rest_route=\/wp\/v2\/posts\/5617","targetHints":{"allow":["GET"]}}],"collection":[{"href":"https:\/\/wandilsonramalho.com.br\/blog\/index.php?rest_route=\/wp\/v2\/posts"}],"about":[{"href":"https:\/\/wandilsonramalho.com.br\/blog\/index.php?rest_route=\/wp\/v2\/types\/post"}],"author":[{"embeddable":true,"href":"https:\/\/wandilsonramalho.com.br\/blog\/index.php?rest_route=\/wp\/v2\/users\/2"}],"replies":[{"embeddable":true,"href":"https:\/\/wandilsonramalho.com.br\/blog\/index.php?rest_route=%2Fwp%2Fv2%2Fcomments&post=5617"}],"version-history":[{"count":5,"href":"https:\/\/wandilsonramalho.com.br\/blog\/index.php?rest_route=\/wp\/v2\/posts\/5617\/revisions"}],"predecessor-version":[{"id":5646,"href":"https:\/\/wandilsonramalho.com.br\/blog\/index.php?rest_route=\/wp\/v2\/posts\/5617\/revisions\/5646"}],"wp:featuredmedia":[{"embeddable":true,"href":"https:\/\/wandilsonramalho.com.br\/blog\/index.php?rest_route=\/wp\/v2\/media\/5622"}],"wp:attachment":[{"href":"https:\/\/wandilsonramalho.com.br\/blog\/index.php?rest_route=%2Fwp%2Fv2%2Fmedia&parent=5617"}],"wp:term":[{"taxonomy":"category","embeddable":true,"href":"https:\/\/wandilsonramalho.com.br\/blog\/index.php?rest_route=%2Fwp%2Fv2%2Fcategories&post=5617"},{"taxonomy":"post_tag","embeddable":true,"href":"https:\/\/wandilsonramalho.com.br\/blog\/index.php?rest_route=%2Fwp%2Fv2%2Ftags&post=5617"}],"curies":[{"name":"wp","href":"https:\/\/api.w.org\/{rel}","templated":true}]}}