{"id":5588,"date":"2020-07-14T01:16:00","date_gmt":"2020-07-14T04:16:00","guid":{"rendered":"https:\/\/wandilsonramalho.com.br\/blog\/?p=5588"},"modified":"2020-07-13T15:20:00","modified_gmt":"2020-07-13T18:20:00","slug":"premio-de-fotografia","status":"publish","type":"post","link":"https:\/\/wandilsonramalho.com.br\/blog\/?p=5588","title":{"rendered":"Pr\u00eamio de fotografia"},"content":{"rendered":"\n<p>A quem interessar :Inscri\u00e7\u00f5es abertas para o PR\u00caMIO DE FOTOGRAFIA at\u00e9 o dia 31 deste. <\/p>\n\n\n\n<p>Com foco em mapear a produ\u00e7\u00e3o fotogr\u00e1fica no Rio Grande do Norte, o 1\u00b0 Pr\u00eamio Margem de Fotografia com inscri\u00e7\u00f5es abertas at\u00e9 o dia 31 deste.<\/p>\n\n\n\n<p> A premia\u00e7\u00e3o faz parte do projeto Atlas da Fotografia Emergente Potiguar.<\/p>\n\n\n\n<p> Ser\u00e3o selecionados  dez ensaios fotogr\u00e1ficos produzidos por artistas visuais e fot\u00f3grafos nascidos no Rio Grande do Norte, ou residentes no estado h\u00e1 pelo menos tr\u00eas anos.<br>Os trabalhos selecionados ser\u00e3o publicados em um livro.<\/p>\n\n\n\n<p>Os vencedores participar\u00e3o de uma exposi\u00e7\u00e3o coletiva em Novembro na sede do Margem Hub de Fotografia e, posteriormente, na sede do SEBRAE\/RN.<\/p>\n\n\n\n<p> O formul\u00e1rio de inscri\u00e7\u00e3o e o edital, com os detalhes para a submiss\u00e3o dos trabalhos, j\u00e1 est\u00e3o dispon\u00edveis em <a rel=\"noreferrer noopener\" href=\"http:\/\/www.margemfoto.com\/premio\" target=\"_blank\">www.margemfoto.com\/premio<\/a>.<\/p>\n\n\n\n<p> Apesar das fotos terem tema livre, os idealizadores prop\u00f5em que as imagens tenham como inspira\u00e7\u00e3o os versos do poema \u201cOnde\u201d, da poetisa potiguar Zila Mamede. <\/p>\n\n\n\n<p>O  coordenador da comiss\u00e3o de sele\u00e7\u00e3o o fot\u00f3grafo, curador e pesquisador Alexandre Sequeira (PA). <\/p>\n\n\n\n<p>FONTE :blog Carol Ribeiro .<\/p>\n\n\n\n\n","protected":false},"excerpt":{"rendered":"<p>A quem interessar :Inscri\u00e7\u00f5es abertas para o PR\u00caMIO DE FOTOGRAFIA at\u00e9 o dia 31 deste. Com foco em mapear a produ\u00e7\u00e3o fotogr\u00e1fica no Rio Grande do Norte, o 1\u00b0 Pr\u00eamio Margem de Fotografia com inscri\u00e7\u00f5es abertas at\u00e9 o dia 31 deste. A premia\u00e7\u00e3o faz parte do projeto Atlas da Fotografia Emergente Potiguar. Ser\u00e3o selecionados dez <a href=\"https:\/\/wandilsonramalho.com.br\/blog\/?p=5588\">&#8230;<\/a><\/p>\n","protected":false},"author":2,"featured_media":5590,"comment_status":"open","ping_status":"open","sticky":false,"template":"","format":"standard","meta":{"_jetpack_memberships_contains_paid_content":false,"footnotes":""},"categories":[38],"tags":[],"class_list":["post-5588","post","type-post","status-publish","format-standard","has-post-thumbnail","hentry","category-especiais"],"jetpack_featured_media_url":"https:\/\/i0.wp.com\/wandilsonramalho.com.br\/blog\/wp-content\/uploads\/2020\/07\/alex-gurgel.jpg?fit=467%2C720&ssl=1","jetpack_sharing_enabled":true,"_links":{"self":[{"href":"https:\/\/wandilsonramalho.com.br\/blog\/index.php?rest_route=\/wp\/v2\/posts\/5588","targetHints":{"allow":["GET"]}}],"collection":[{"href":"https:\/\/wandilsonramalho.com.br\/blog\/index.php?rest_route=\/wp\/v2\/posts"}],"about":[{"href":"https:\/\/wandilsonramalho.com.br\/blog\/index.php?rest_route=\/wp\/v2\/types\/post"}],"author":[{"embeddable":true,"href":"https:\/\/wandilsonramalho.com.br\/blog\/index.php?rest_route=\/wp\/v2\/users\/2"}],"replies":[{"embeddable":true,"href":"https:\/\/wandilsonramalho.com.br\/blog\/index.php?rest_route=%2Fwp%2Fv2%2Fcomments&post=5588"}],"version-history":[{"count":2,"href":"https:\/\/wandilsonramalho.com.br\/blog\/index.php?rest_route=\/wp\/v2\/posts\/5588\/revisions"}],"predecessor-version":[{"id":5591,"href":"https:\/\/wandilsonramalho.com.br\/blog\/index.php?rest_route=\/wp\/v2\/posts\/5588\/revisions\/5591"}],"wp:featuredmedia":[{"embeddable":true,"href":"https:\/\/wandilsonramalho.com.br\/blog\/index.php?rest_route=\/wp\/v2\/media\/5590"}],"wp:attachment":[{"href":"https:\/\/wandilsonramalho.com.br\/blog\/index.php?rest_route=%2Fwp%2Fv2%2Fmedia&parent=5588"}],"wp:term":[{"taxonomy":"category","embeddable":true,"href":"https:\/\/wandilsonramalho.com.br\/blog\/index.php?rest_route=%2Fwp%2Fv2%2Fcategories&post=5588"},{"taxonomy":"post_tag","embeddable":true,"href":"https:\/\/wandilsonramalho.com.br\/blog\/index.php?rest_route=%2Fwp%2Fv2%2Ftags&post=5588"}],"curies":[{"name":"wp","href":"https:\/\/api.w.org\/{rel}","templated":true}]}}