{"id":5583,"date":"2020-07-14T01:37:00","date_gmt":"2020-07-14T04:37:00","guid":{"rendered":"https:\/\/wandilsonramalho.com.br\/blog\/?p=5583"},"modified":"2020-07-13T14:54:39","modified_gmt":"2020-07-13T17:54:39","slug":"triduo-de-nossa-senhora-do-carmo","status":"publish","type":"post","link":"https:\/\/wandilsonramalho.com.br\/blog\/?p=5583","title":{"rendered":"tr\u00edduo de nossa senhora do carmo .."},"content":{"rendered":"\n<p>O Tr\u00edduo em louvor a Nossa Senhora do Carmo em nossa Par\u00f3quia iniciou desde o dia 12 at\u00e9 quinta feira 16. <\/p>\n\n\n\n<p>A festa de Nossa Senhora do Carmo na Capela do centro de nossa cidade sempre acontecia com muita f\u00e9 e muito louvor . <\/p>\n\n\n\n<p>Neste ano devido a pandemia s\u00f3 online atrav\u00e9s do Face da nossa Paroquia \u00e0s 19 horas .<\/p>\n\n\n\n<p> Vamos intensificar nesses dias nossas ora\u00e7\u00f5es e \u00a0supliquemos a intercess\u00e3o de Nossa Senhora do Carmo, para nos livrar desta pandemia , que logo , logo chegue a vacina e possamos nos reunir nas igrejas, para louvar nossos santos protetores .<\/p>\n","protected":false},"excerpt":{"rendered":"<p>O Tr\u00edduo em louvor a Nossa Senhora do Carmo em nossa Par\u00f3quia iniciou desde o dia 12 at\u00e9 quinta feira 16. A festa de Nossa Senhora do Carmo na Capela do centro de nossa cidade sempre acontecia com muita f\u00e9 e muito louvor . Neste ano devido a pandemia s\u00f3 online atrav\u00e9s do Face da <a href=\"https:\/\/wandilsonramalho.com.br\/blog\/?p=5583\">&#8230;<\/a><\/p>\n","protected":false},"author":2,"featured_media":5586,"comment_status":"open","ping_status":"open","sticky":false,"template":"","format":"standard","meta":{"_jetpack_memberships_contains_paid_content":false,"footnotes":""},"categories":[18],"tags":[],"class_list":["post-5583","post","type-post","status-publish","format-standard","has-post-thumbnail","hentry","category-caraubas"],"jetpack_featured_media_url":"https:\/\/i0.wp.com\/wandilsonramalho.com.br\/blog\/wp-content\/uploads\/2020\/07\/sana-1.jpg?fit=508%2C480&ssl=1","jetpack_sharing_enabled":true,"_links":{"self":[{"href":"https:\/\/wandilsonramalho.com.br\/blog\/index.php?rest_route=\/wp\/v2\/posts\/5583","targetHints":{"allow":["GET"]}}],"collection":[{"href":"https:\/\/wandilsonramalho.com.br\/blog\/index.php?rest_route=\/wp\/v2\/posts"}],"about":[{"href":"https:\/\/wandilsonramalho.com.br\/blog\/index.php?rest_route=\/wp\/v2\/types\/post"}],"author":[{"embeddable":true,"href":"https:\/\/wandilsonramalho.com.br\/blog\/index.php?rest_route=\/wp\/v2\/users\/2"}],"replies":[{"embeddable":true,"href":"https:\/\/wandilsonramalho.com.br\/blog\/index.php?rest_route=%2Fwp%2Fv2%2Fcomments&post=5583"}],"version-history":[{"count":2,"href":"https:\/\/wandilsonramalho.com.br\/blog\/index.php?rest_route=\/wp\/v2\/posts\/5583\/revisions"}],"predecessor-version":[{"id":5587,"href":"https:\/\/wandilsonramalho.com.br\/blog\/index.php?rest_route=\/wp\/v2\/posts\/5583\/revisions\/5587"}],"wp:featuredmedia":[{"embeddable":true,"href":"https:\/\/wandilsonramalho.com.br\/blog\/index.php?rest_route=\/wp\/v2\/media\/5586"}],"wp:attachment":[{"href":"https:\/\/wandilsonramalho.com.br\/blog\/index.php?rest_route=%2Fwp%2Fv2%2Fmedia&parent=5583"}],"wp:term":[{"taxonomy":"category","embeddable":true,"href":"https:\/\/wandilsonramalho.com.br\/blog\/index.php?rest_route=%2Fwp%2Fv2%2Fcategories&post=5583"},{"taxonomy":"post_tag","embeddable":true,"href":"https:\/\/wandilsonramalho.com.br\/blog\/index.php?rest_route=%2Fwp%2Fv2%2Ftags&post=5583"}],"curies":[{"name":"wp","href":"https:\/\/api.w.org\/{rel}","templated":true}]}}