{"id":5533,"date":"2020-07-11T11:55:28","date_gmt":"2020-07-11T14:55:28","guid":{"rendered":"https:\/\/wandilsonramalho.com.br\/blog\/?p=5533"},"modified":"2020-07-11T11:55:30","modified_gmt":"2020-07-11T14:55:30","slug":"william-almeida-partiu","status":"publish","type":"post","link":"https:\/\/wandilsonramalho.com.br\/blog\/?p=5533","title":{"rendered":"william almeida, partiu .."},"content":{"rendered":"\n<p>William Almeida uma pessoa em plena vida ..<\/p>\n\n\n\n<p>Com uma familia , esposa , filhos &#8230;trabalhando em pleno viver ..adoeceu e por uns meses lutou , lutou para sobreviver ..mas hoje , se calou para sempre , partiu , para a casa do PAI &#8230;<\/p>\n\n\n\n<p>O nosso abra\u00e7o aos familiares ..<\/p>\n\n\n\n<p>Nossa ora\u00e7\u00e3o silenciosa para WILLIAM ..<\/p>\n\n\n\n\n","protected":false},"excerpt":{"rendered":"<p>William Almeida uma pessoa em plena vida .. Com uma familia , esposa , filhos &#8230;trabalhando em pleno viver ..adoeceu e por uns meses lutou , lutou para sobreviver ..mas hoje , se calou para sempre , partiu , para a casa do PAI &#8230; O nosso abra\u00e7o aos familiares .. Nossa ora\u00e7\u00e3o silenciosa para <a href=\"https:\/\/wandilsonramalho.com.br\/blog\/?p=5533\">&#8230;<\/a><\/p>\n","protected":false},"author":2,"featured_media":5535,"comment_status":"open","ping_status":"open","sticky":false,"template":"","format":"standard","meta":{"_jetpack_memberships_contains_paid_content":false,"footnotes":""},"categories":[1],"tags":[],"class_list":["post-5533","post","type-post","status-publish","format-standard","has-post-thumbnail","hentry","category-uncategorized"],"jetpack_featured_media_url":"https:\/\/i0.wp.com\/wandilsonramalho.com.br\/blog\/wp-content\/uploads\/2020\/07\/44828965_2187325668221872_6806491594619879424_n-1.png?fit=461%2C529&ssl=1","jetpack_sharing_enabled":true,"_links":{"self":[{"href":"https:\/\/wandilsonramalho.com.br\/blog\/index.php?rest_route=\/wp\/v2\/posts\/5533","targetHints":{"allow":["GET"]}}],"collection":[{"href":"https:\/\/wandilsonramalho.com.br\/blog\/index.php?rest_route=\/wp\/v2\/posts"}],"about":[{"href":"https:\/\/wandilsonramalho.com.br\/blog\/index.php?rest_route=\/wp\/v2\/types\/post"}],"author":[{"embeddable":true,"href":"https:\/\/wandilsonramalho.com.br\/blog\/index.php?rest_route=\/wp\/v2\/users\/2"}],"replies":[{"embeddable":true,"href":"https:\/\/wandilsonramalho.com.br\/blog\/index.php?rest_route=%2Fwp%2Fv2%2Fcomments&post=5533"}],"version-history":[{"count":2,"href":"https:\/\/wandilsonramalho.com.br\/blog\/index.php?rest_route=\/wp\/v2\/posts\/5533\/revisions"}],"predecessor-version":[{"id":5536,"href":"https:\/\/wandilsonramalho.com.br\/blog\/index.php?rest_route=\/wp\/v2\/posts\/5533\/revisions\/5536"}],"wp:featuredmedia":[{"embeddable":true,"href":"https:\/\/wandilsonramalho.com.br\/blog\/index.php?rest_route=\/wp\/v2\/media\/5535"}],"wp:attachment":[{"href":"https:\/\/wandilsonramalho.com.br\/blog\/index.php?rest_route=%2Fwp%2Fv2%2Fmedia&parent=5533"}],"wp:term":[{"taxonomy":"category","embeddable":true,"href":"https:\/\/wandilsonramalho.com.br\/blog\/index.php?rest_route=%2Fwp%2Fv2%2Fcategories&post=5533"},{"taxonomy":"post_tag","embeddable":true,"href":"https:\/\/wandilsonramalho.com.br\/blog\/index.php?rest_route=%2Fwp%2Fv2%2Ftags&post=5533"}],"curies":[{"name":"wp","href":"https:\/\/api.w.org\/{rel}","templated":true}]}}