{"id":5528,"date":"2020-07-11T11:41:46","date_gmt":"2020-07-11T14:41:46","guid":{"rendered":"https:\/\/wandilsonramalho.com.br\/blog\/?p=5528"},"modified":"2020-07-11T11:42:22","modified_gmt":"2020-07-11T14:42:22","slug":"vivas-para-assis-filho-fernandes-neguinho","status":"publish","type":"post","link":"https:\/\/wandilsonramalho.com.br\/blog\/?p=5528","title":{"rendered":"VIVAS, PARA Assis Filho Fernandes , (NEGUINHO )."},"content":{"rendered":"\n<p>Assis Filho Fernandes , Neguinho caraubense que h\u00e1 muito tempo reside em Natal hoje celebra seu aniversario junto com a esposa Dalva , filhos e familiares.<\/p>\n\n\n\n<p>Neguinho uma pessoa educad\u00e8zima , que planta s\u00f3 o bem , celebra ..<\/p>\n\n\n\n<p>Um grande abra\u00e7o ..<\/p>\n\n\n\n<p>Quanta felicidade!!<br>Uma familia linda e feliz !<\/p>\n","protected":false},"excerpt":{"rendered":"<p>Assis Filho Fernandes , Neguinho caraubense que h\u00e1 muito tempo reside em Natal hoje celebra seu aniversario junto com a esposa Dalva , filhos e familiares. Neguinho uma pessoa educad\u00e8zima , que planta s\u00f3 o bem , celebra .. Um grande abra\u00e7o .. Quanta felicidade!!Uma familia linda e feliz ! <a href=\"https:\/\/wandilsonramalho.com.br\/blog\/?p=5528\">&#8230;<\/a><\/p>\n","protected":false},"author":2,"featured_media":5530,"comment_status":"open","ping_status":"open","sticky":false,"template":"","format":"standard","meta":{"_jetpack_memberships_contains_paid_content":false,"footnotes":""},"categories":[22],"tags":[],"class_list":["post-5528","post","type-post","status-publish","format-standard","has-post-thumbnail","hentry","category-aniversariantes"],"jetpack_featured_media_url":"https:\/\/i0.wp.com\/wandilsonramalho.com.br\/blog\/wp-content\/uploads\/2020\/07\/1477800_184116241792639_662845400_n.jpg?fit=800%2C600&ssl=1","jetpack_sharing_enabled":true,"_links":{"self":[{"href":"https:\/\/wandilsonramalho.com.br\/blog\/index.php?rest_route=\/wp\/v2\/posts\/5528","targetHints":{"allow":["GET"]}}],"collection":[{"href":"https:\/\/wandilsonramalho.com.br\/blog\/index.php?rest_route=\/wp\/v2\/posts"}],"about":[{"href":"https:\/\/wandilsonramalho.com.br\/blog\/index.php?rest_route=\/wp\/v2\/types\/post"}],"author":[{"embeddable":true,"href":"https:\/\/wandilsonramalho.com.br\/blog\/index.php?rest_route=\/wp\/v2\/users\/2"}],"replies":[{"embeddable":true,"href":"https:\/\/wandilsonramalho.com.br\/blog\/index.php?rest_route=%2Fwp%2Fv2%2Fcomments&post=5528"}],"version-history":[{"count":3,"href":"https:\/\/wandilsonramalho.com.br\/blog\/index.php?rest_route=\/wp\/v2\/posts\/5528\/revisions"}],"predecessor-version":[{"id":5532,"href":"https:\/\/wandilsonramalho.com.br\/blog\/index.php?rest_route=\/wp\/v2\/posts\/5528\/revisions\/5532"}],"wp:featuredmedia":[{"embeddable":true,"href":"https:\/\/wandilsonramalho.com.br\/blog\/index.php?rest_route=\/wp\/v2\/media\/5530"}],"wp:attachment":[{"href":"https:\/\/wandilsonramalho.com.br\/blog\/index.php?rest_route=%2Fwp%2Fv2%2Fmedia&parent=5528"}],"wp:term":[{"taxonomy":"category","embeddable":true,"href":"https:\/\/wandilsonramalho.com.br\/blog\/index.php?rest_route=%2Fwp%2Fv2%2Fcategories&post=5528"},{"taxonomy":"post_tag","embeddable":true,"href":"https:\/\/wandilsonramalho.com.br\/blog\/index.php?rest_route=%2Fwp%2Fv2%2Ftags&post=5528"}],"curies":[{"name":"wp","href":"https:\/\/api.w.org\/{rel}","templated":true}]}}