{"id":5504,"date":"2020-07-10T01:12:00","date_gmt":"2020-07-10T04:12:00","guid":{"rendered":"https:\/\/wandilsonramalho.com.br\/blog\/?p=5504"},"modified":"2020-07-09T17:15:47","modified_gmt":"2020-07-09T20:15:47","slug":"boa-vista-terra-que-acolheu-muitos-caraubenses","status":"publish","type":"post","link":"https:\/\/wandilsonramalho.com.br\/blog\/?p=5504","title":{"rendered":"boa vista , terra que acolheu muitos caraubenses.."},"content":{"rendered":"\n<p>Ontem, a terra amada de muitos caraubense Boa Vista-RR celebrou  os 130 anos de sua hist\u00f3ria ..<\/p>\n\n\n\n<p>Hoje, s\u00f3 recorda\u00e7\u00f5es boas desta terra ..<\/p>\n\n\n\n<p>H\u00e1 alguns anos atr\u00e1s , a convite de Vantam e Pleneilda conhecemos muitos points desta terra onde fomos recebidos com muita eleg\u00e2ncia ..<\/p>\n\n\n\n<p>E as lembran\u00e7as de tantos momentos vividos ..<\/p>\n\n\n\n<p>Disse certo autor &#8220;Saudade \u00e9 a mem\u00f3ria que n\u00e3o morre..&#8221;<\/p>\n\n\n\n<p>Cada ano , cada foto , cada vez que eu vejo as fotos , as mensagens de Vantam, PLeneilda , Piterson , Carla ,relembro tudo &#8230; as nossas emo\u00e7\u00f5es quando fomos homenageados na C\u00e3mara pelo casal e os vereadores , o carinho e os cuidados em tornar nossa estada feliz..Somos gratos ..por tantas gentilezas e carinho ..<\/p>\n\n\n\n<p>Como \u00e9 bom viajar ..<\/p>\n\n\n\n<p>Como \u00e9 bom ser feliz ..<\/p>\n\n\n\n<p>Como \u00e9 bom ter amigos ..<\/p>\n\n\n\n<p>Como \u00e9 bom ser bem recebida numa cidade ..<\/p>\n\n\n\n<p>Como \u00e9 bom conhecer  outras culturas ..<\/p>\n\n\n\n<p>Como \u00e9 bom viver..<br>Parab\u00e9ns , pelos 130 anos &#8230;&#8230;.<\/p>\n\n\n\n\n\n\n\n\n","protected":false},"excerpt":{"rendered":"<p>Ontem, a terra amada de muitos caraubense Boa Vista-RR celebrou os 130 anos de sua hist\u00f3ria .. Hoje, s\u00f3 recorda\u00e7\u00f5es boas desta terra .. H\u00e1 alguns anos atr\u00e1s , a convite de Vantam e Pleneilda conhecemos muitos points desta terra onde fomos recebidos com muita eleg\u00e2ncia .. E as lembran\u00e7as de tantos momentos vividos .. <a href=\"https:\/\/wandilsonramalho.com.br\/blog\/?p=5504\">&#8230;<\/a><\/p>\n","protected":false},"author":2,"featured_media":5512,"comment_status":"open","ping_status":"open","sticky":false,"template":"","format":"standard","meta":{"_jetpack_memberships_contains_paid_content":false,"footnotes":""},"categories":[29],"tags":[],"class_list":["post-5504","post","type-post","status-publish","format-standard","has-post-thumbnail","hentry","category-gente-chique"],"jetpack_featured_media_url":"https:\/\/i0.wp.com\/wandilsonramalho.com.br\/blog\/wp-content\/uploads\/2020\/07\/boa-vista-rr.jpg?fit=960%2C960&ssl=1","jetpack_sharing_enabled":true,"_links":{"self":[{"href":"https:\/\/wandilsonramalho.com.br\/blog\/index.php?rest_route=\/wp\/v2\/posts\/5504","targetHints":{"allow":["GET"]}}],"collection":[{"href":"https:\/\/wandilsonramalho.com.br\/blog\/index.php?rest_route=\/wp\/v2\/posts"}],"about":[{"href":"https:\/\/wandilsonramalho.com.br\/blog\/index.php?rest_route=\/wp\/v2\/types\/post"}],"author":[{"embeddable":true,"href":"https:\/\/wandilsonramalho.com.br\/blog\/index.php?rest_route=\/wp\/v2\/users\/2"}],"replies":[{"embeddable":true,"href":"https:\/\/wandilsonramalho.com.br\/blog\/index.php?rest_route=%2Fwp%2Fv2%2Fcomments&post=5504"}],"version-history":[{"count":8,"href":"https:\/\/wandilsonramalho.com.br\/blog\/index.php?rest_route=\/wp\/v2\/posts\/5504\/revisions"}],"predecessor-version":[{"id":5513,"href":"https:\/\/wandilsonramalho.com.br\/blog\/index.php?rest_route=\/wp\/v2\/posts\/5504\/revisions\/5513"}],"wp:featuredmedia":[{"embeddable":true,"href":"https:\/\/wandilsonramalho.com.br\/blog\/index.php?rest_route=\/wp\/v2\/media\/5512"}],"wp:attachment":[{"href":"https:\/\/wandilsonramalho.com.br\/blog\/index.php?rest_route=%2Fwp%2Fv2%2Fmedia&parent=5504"}],"wp:term":[{"taxonomy":"category","embeddable":true,"href":"https:\/\/wandilsonramalho.com.br\/blog\/index.php?rest_route=%2Fwp%2Fv2%2Fcategories&post=5504"},{"taxonomy":"post_tag","embeddable":true,"href":"https:\/\/wandilsonramalho.com.br\/blog\/index.php?rest_route=%2Fwp%2Fv2%2Ftags&post=5504"}],"curies":[{"name":"wp","href":"https:\/\/api.w.org\/{rel}","templated":true}]}}