{"id":5499,"date":"2020-07-10T01:30:00","date_gmt":"2020-07-10T04:30:00","guid":{"rendered":"https:\/\/wandilsonramalho.com.br\/blog\/?p=5499"},"modified":"2020-07-10T08:10:24","modified_gmt":"2020-07-10T11:10:24","slug":"igreja-catolica-na-reabre-as-igrejas-neste-mes","status":"publish","type":"post","link":"https:\/\/wandilsonramalho.com.br\/blog\/?p=5499","title":{"rendered":"igreja cat\u00f3lica n\u00c3O reabre as igrejas neste mes.."},"content":{"rendered":"\n<p>O Arcebispo de Natal, Dom Jaime Vieira Rocha, o bispo de Caic\u00f3, Dom Ant\u00f4nio Carlos Cruz, e o bispo de Mossor\u00f3, Dom Mariano Manzana, j\u00e1 anunciaram que a Igreja Catolica n\u00e3o reabre neste m\u00eas de julho ..<\/p>\n\n\n\n<p>Eles est\u00e3o conscientes do contagio que s\u00f3 aumenta , n\u00e3o s\u00f3 no Rio Grande do Norte ,mas em todo o mundo ..<\/p>\n\n\n\n<p>Decis\u00e3o acertada ..<\/p>\n\n\n\n<p>As vidas s\u00e3o mais  importantes ..<\/p>\n\n\n\n<p>Por enquanto continuando online ..<\/p>\n\n\n\n<p>Foto ..Bispo Dom Mariano Manzana -nosso bispo ..<\/p>\n\n\n\n\n","protected":false},"excerpt":{"rendered":"<p>O Arcebispo de Natal, Dom Jaime Vieira Rocha, o bispo de Caic\u00f3, Dom Ant\u00f4nio Carlos Cruz, e o bispo de Mossor\u00f3, Dom Mariano Manzana, j\u00e1 anunciaram que a Igreja Catolica n\u00e3o reabre neste m\u00eas de julho .. Eles est\u00e3o conscientes do contagio que s\u00f3 aumenta , n\u00e3o s\u00f3 no Rio Grande do Norte ,mas em <a href=\"https:\/\/wandilsonramalho.com.br\/blog\/?p=5499\">&#8230;<\/a><\/p>\n","protected":false},"author":2,"featured_media":5502,"comment_status":"open","ping_status":"open","sticky":false,"template":"","format":"standard","meta":{"_jetpack_memberships_contains_paid_content":false,"footnotes":""},"categories":[38],"tags":[],"class_list":["post-5499","post","type-post","status-publish","format-standard","has-post-thumbnail","hentry","category-especiais"],"jetpack_featured_media_url":"https:\/\/i0.wp.com\/wandilsonramalho.com.br\/blog\/wp-content\/uploads\/2020\/07\/foto-celio-duarte.jpg?fit=610%2C542&ssl=1","jetpack_sharing_enabled":true,"_links":{"self":[{"href":"https:\/\/wandilsonramalho.com.br\/blog\/index.php?rest_route=\/wp\/v2\/posts\/5499","targetHints":{"allow":["GET"]}}],"collection":[{"href":"https:\/\/wandilsonramalho.com.br\/blog\/index.php?rest_route=\/wp\/v2\/posts"}],"about":[{"href":"https:\/\/wandilsonramalho.com.br\/blog\/index.php?rest_route=\/wp\/v2\/types\/post"}],"author":[{"embeddable":true,"href":"https:\/\/wandilsonramalho.com.br\/blog\/index.php?rest_route=\/wp\/v2\/users\/2"}],"replies":[{"embeddable":true,"href":"https:\/\/wandilsonramalho.com.br\/blog\/index.php?rest_route=%2Fwp%2Fv2%2Fcomments&post=5499"}],"version-history":[{"count":3,"href":"https:\/\/wandilsonramalho.com.br\/blog\/index.php?rest_route=\/wp\/v2\/posts\/5499\/revisions"}],"predecessor-version":[{"id":5520,"href":"https:\/\/wandilsonramalho.com.br\/blog\/index.php?rest_route=\/wp\/v2\/posts\/5499\/revisions\/5520"}],"wp:featuredmedia":[{"embeddable":true,"href":"https:\/\/wandilsonramalho.com.br\/blog\/index.php?rest_route=\/wp\/v2\/media\/5502"}],"wp:attachment":[{"href":"https:\/\/wandilsonramalho.com.br\/blog\/index.php?rest_route=%2Fwp%2Fv2%2Fmedia&parent=5499"}],"wp:term":[{"taxonomy":"category","embeddable":true,"href":"https:\/\/wandilsonramalho.com.br\/blog\/index.php?rest_route=%2Fwp%2Fv2%2Fcategories&post=5499"},{"taxonomy":"post_tag","embeddable":true,"href":"https:\/\/wandilsonramalho.com.br\/blog\/index.php?rest_route=%2Fwp%2Fv2%2Ftags&post=5499"}],"curies":[{"name":"wp","href":"https:\/\/api.w.org\/{rel}","templated":true}]}}