{"id":5494,"date":"2020-07-10T01:22:00","date_gmt":"2020-07-10T04:22:00","guid":{"rendered":"https:\/\/wandilsonramalho.com.br\/blog\/?p=5494"},"modified":"2020-07-09T16:23:03","modified_gmt":"2020-07-09T19:23:03","slug":"caraubas-acontece","status":"publish","type":"post","link":"https:\/\/wandilsonramalho.com.br\/blog\/?p=5494","title":{"rendered":"CARA\u00daBAS ACONTECE"},"content":{"rendered":"\n<p>O colunista Apolion Rodrigues todas as sextas no Cara\u00fabas Acontece no Instagram , entrevista uma pessoa ..e tudo acontece , as lembran\u00e7as , as perguntas , as respostas , as alegrias vividas ..o viver ..<\/p>\n\n\n\n<p>E hoje, o convidado \u00e9 o colunista De Fato, o arquiteto Vandilson Ramalho de Oliveira ..<\/p>\n\n\n\n<p>Todos ligados ..<\/p>\n","protected":false},"excerpt":{"rendered":"<p>O colunista Apolion Rodrigues todas as sextas no Cara\u00fabas Acontece no Instagram , entrevista uma pessoa ..e tudo acontece , as lembran\u00e7as , as perguntas , as respostas , as alegrias vividas ..o viver .. E hoje, o convidado \u00e9 o colunista De Fato, o arquiteto Vandilson Ramalho de Oliveira .. Todos ligados .. <a href=\"https:\/\/wandilsonramalho.com.br\/blog\/?p=5494\">&#8230;<\/a><\/p>\n","protected":false},"author":2,"featured_media":5496,"comment_status":"open","ping_status":"open","sticky":false,"template":"","format":"standard","meta":{"_jetpack_memberships_contains_paid_content":false,"footnotes":""},"categories":[29],"tags":[],"class_list":["post-5494","post","type-post","status-publish","format-standard","has-post-thumbnail","hentry","category-gente-chique"],"jetpack_featured_media_url":"https:\/\/i0.wp.com\/wandilsonramalho.com.br\/blog\/wp-content\/uploads\/2020\/07\/f01-wandilson.jpg?fit=368%2C488&ssl=1","jetpack_sharing_enabled":true,"_links":{"self":[{"href":"https:\/\/wandilsonramalho.com.br\/blog\/index.php?rest_route=\/wp\/v2\/posts\/5494","targetHints":{"allow":["GET"]}}],"collection":[{"href":"https:\/\/wandilsonramalho.com.br\/blog\/index.php?rest_route=\/wp\/v2\/posts"}],"about":[{"href":"https:\/\/wandilsonramalho.com.br\/blog\/index.php?rest_route=\/wp\/v2\/types\/post"}],"author":[{"embeddable":true,"href":"https:\/\/wandilsonramalho.com.br\/blog\/index.php?rest_route=\/wp\/v2\/users\/2"}],"replies":[{"embeddable":true,"href":"https:\/\/wandilsonramalho.com.br\/blog\/index.php?rest_route=%2Fwp%2Fv2%2Fcomments&post=5494"}],"version-history":[{"count":2,"href":"https:\/\/wandilsonramalho.com.br\/blog\/index.php?rest_route=\/wp\/v2\/posts\/5494\/revisions"}],"predecessor-version":[{"id":5497,"href":"https:\/\/wandilsonramalho.com.br\/blog\/index.php?rest_route=\/wp\/v2\/posts\/5494\/revisions\/5497"}],"wp:featuredmedia":[{"embeddable":true,"href":"https:\/\/wandilsonramalho.com.br\/blog\/index.php?rest_route=\/wp\/v2\/media\/5496"}],"wp:attachment":[{"href":"https:\/\/wandilsonramalho.com.br\/blog\/index.php?rest_route=%2Fwp%2Fv2%2Fmedia&parent=5494"}],"wp:term":[{"taxonomy":"category","embeddable":true,"href":"https:\/\/wandilsonramalho.com.br\/blog\/index.php?rest_route=%2Fwp%2Fv2%2Fcategories&post=5494"},{"taxonomy":"post_tag","embeddable":true,"href":"https:\/\/wandilsonramalho.com.br\/blog\/index.php?rest_route=%2Fwp%2Fv2%2Ftags&post=5494"}],"curies":[{"name":"wp","href":"https:\/\/api.w.org\/{rel}","templated":true}]}}