{"id":5415,"date":"2020-07-07T08:07:36","date_gmt":"2020-07-07T11:07:36","guid":{"rendered":"https:\/\/wandilsonramalho.com.br\/blog\/?p=5415"},"modified":"2020-07-07T08:09:37","modified_gmt":"2020-07-07T11:09:37","slug":"oracaooracao-pelo-bispo-dom-henrique","status":"publish","type":"post","link":"https:\/\/wandilsonramalho.com.br\/blog\/?p=5415","title":{"rendered":"ORA\u00c7\u00c3O,ORA\u00c7\u00c3O PELO BISPO DOM HENRIQUE.."},"content":{"rendered":"\n<p>\u00a0O padre Fred Gurgel , da Par\u00f3quia de S\u00e3o Jo\u00e3o Batista \u2013Cupira \u2013PE na Diocese de Palmares ,pede ora\u00e7\u00f5es pela sa\u00fade \u00a0do Bispo de Palmares Dom Henrique .<\/p>\n\n\n\n<p> Todos em ora\u00e7\u00e3o .<\/p>\n","protected":false},"excerpt":{"rendered":"<p>\u00a0O padre Fred Gurgel , da Par\u00f3quia de S\u00e3o Jo\u00e3o Batista \u2013Cupira \u2013PE na Diocese de Palmares ,pede ora\u00e7\u00f5es pela sa\u00fade \u00a0do Bispo de Palmares Dom Henrique . Todos em ora\u00e7\u00e3o . <a href=\"https:\/\/wandilsonramalho.com.br\/blog\/?p=5415\">&#8230;<\/a><\/p>\n","protected":false},"author":2,"featured_media":5419,"comment_status":"open","ping_status":"open","sticky":false,"template":"","format":"standard","meta":{"_jetpack_memberships_contains_paid_content":false,"footnotes":""},"categories":[38],"tags":[],"class_list":["post-5415","post","type-post","status-publish","format-standard","has-post-thumbnail","hentry","category-especiais"],"jetpack_featured_media_url":"https:\/\/i0.wp.com\/wandilsonramalho.com.br\/blog\/wp-content\/uploads\/2020\/07\/107567847_1583585335132921_6771448534856957302_n.png?fit=591%2C480&ssl=1","jetpack_sharing_enabled":true,"_links":{"self":[{"href":"https:\/\/wandilsonramalho.com.br\/blog\/index.php?rest_route=\/wp\/v2\/posts\/5415","targetHints":{"allow":["GET"]}}],"collection":[{"href":"https:\/\/wandilsonramalho.com.br\/blog\/index.php?rest_route=\/wp\/v2\/posts"}],"about":[{"href":"https:\/\/wandilsonramalho.com.br\/blog\/index.php?rest_route=\/wp\/v2\/types\/post"}],"author":[{"embeddable":true,"href":"https:\/\/wandilsonramalho.com.br\/blog\/index.php?rest_route=\/wp\/v2\/users\/2"}],"replies":[{"embeddable":true,"href":"https:\/\/wandilsonramalho.com.br\/blog\/index.php?rest_route=%2Fwp%2Fv2%2Fcomments&post=5415"}],"version-history":[{"count":2,"href":"https:\/\/wandilsonramalho.com.br\/blog\/index.php?rest_route=\/wp\/v2\/posts\/5415\/revisions"}],"predecessor-version":[{"id":5418,"href":"https:\/\/wandilsonramalho.com.br\/blog\/index.php?rest_route=\/wp\/v2\/posts\/5415\/revisions\/5418"}],"wp:featuredmedia":[{"embeddable":true,"href":"https:\/\/wandilsonramalho.com.br\/blog\/index.php?rest_route=\/wp\/v2\/media\/5419"}],"wp:attachment":[{"href":"https:\/\/wandilsonramalho.com.br\/blog\/index.php?rest_route=%2Fwp%2Fv2%2Fmedia&parent=5415"}],"wp:term":[{"taxonomy":"category","embeddable":true,"href":"https:\/\/wandilsonramalho.com.br\/blog\/index.php?rest_route=%2Fwp%2Fv2%2Fcategories&post=5415"},{"taxonomy":"post_tag","embeddable":true,"href":"https:\/\/wandilsonramalho.com.br\/blog\/index.php?rest_route=%2Fwp%2Fv2%2Ftags&post=5415"}],"curies":[{"name":"wp","href":"https:\/\/api.w.org\/{rel}","templated":true}]}}