{"id":5368,"date":"2020-07-05T00:36:00","date_gmt":"2020-07-05T03:36:00","guid":{"rendered":"https:\/\/wandilsonramalho.com.br\/blog\/?p=5368"},"modified":"2020-07-04T16:51:58","modified_gmt":"2020-07-04T19:51:58","slug":"a-procura-da-felicidade-por-marcelo-levites","status":"publish","type":"post","link":"https:\/\/wandilsonramalho.com.br\/blog\/?p=5368","title":{"rendered":"A procura da felicidade- Por Marcelo Levites"},"content":{"rendered":"\n<p>Todas as pessoas querem ser felizes. Isso \u00e9 indiscut\u00edvel. Por\u00e9m, o que tenho percebido \u00e9 que muitas pessoas delegam ao futuro a sua felicidade.<\/p>\n\n\n\n<p>Quando eu me formar e come\u00e7ar a ganhar dinheiro. Quando me casar. Quando eu tiver um filho. Quando eu me aposentar.<\/p>\n\n\n\n<p>Temos de ter planos, tra\u00e7ar metas para viver. Isso \u00e9 muito importante. Precisamos de sonhos e ambi\u00e7\u00f5es para buscar algo melhor para nossa vida e fam\u00edlia. Mas podemos tentar ser felizes ao longo do caminho e n\u00e3o necessariamente quando chegarmos ao final dele.<\/p>\n\n\n\n<p>\u201cQuantas vezes a gente, em busca da ventura. Procede tal e qual o avozinho infeliz: em v\u00e3o, por toda parte, os \u00f3culos procura tendo-os na ponta do nariz!\u201d, essa frase de Mario Quintana descreve bem a nossa busca incessante da felicidade, quando ela na verdade est\u00e1 na ponta do nosso nariz. Abaixo dos olhos. Bem pertinho.<\/p>\n\n\n\n<p>Eu acrescento que a felicidade est\u00e1 nas pequenas coisas. <\/p>\n\n\n\n<p>No almo\u00e7o em fam\u00edlia no domingo. Na visita a um parque em um dia ensolarado. <\/p>\n\n\n\n<p>Na leitura de um bom livro. Em um abra\u00e7o.\u00a0 <\/p>\n\n\n\n<p>Viva feliz.<\/p>\n\n\n\n<h1 class=\"wp-block-heading\"><\/h1>\n","protected":false},"excerpt":{"rendered":"<p>Todas as pessoas querem ser felizes. Isso \u00e9 indiscut\u00edvel. Por\u00e9m, o que tenho percebido \u00e9 que muitas pessoas delegam ao futuro a sua felicidade. Quando eu me formar e come\u00e7ar a ganhar dinheiro. Quando me casar. Quando eu tiver um filho. Quando eu me aposentar. Temos de ter planos, tra\u00e7ar metas para viver. Isso \u00e9 <a href=\"https:\/\/wandilsonramalho.com.br\/blog\/?p=5368\">&#8230;<\/a><\/p>\n","protected":false},"author":2,"featured_media":5369,"comment_status":"open","ping_status":"open","sticky":false,"template":"","format":"standard","meta":{"_jetpack_memberships_contains_paid_content":false,"footnotes":""},"categories":[2],"tags":[],"class_list":["post-5368","post","type-post","status-publish","format-standard","has-post-thumbnail","hentry","category-mensagens"],"jetpack_featured_media_url":"https:\/\/i0.wp.com\/wandilsonramalho.com.br\/blog\/wp-content\/uploads\/2020\/07\/lagoa-do-apanHA-PEIXE.jpg?fit=631%2C425&ssl=1","jetpack_sharing_enabled":true,"_links":{"self":[{"href":"https:\/\/wandilsonramalho.com.br\/blog\/index.php?rest_route=\/wp\/v2\/posts\/5368","targetHints":{"allow":["GET"]}}],"collection":[{"href":"https:\/\/wandilsonramalho.com.br\/blog\/index.php?rest_route=\/wp\/v2\/posts"}],"about":[{"href":"https:\/\/wandilsonramalho.com.br\/blog\/index.php?rest_route=\/wp\/v2\/types\/post"}],"author":[{"embeddable":true,"href":"https:\/\/wandilsonramalho.com.br\/blog\/index.php?rest_route=\/wp\/v2\/users\/2"}],"replies":[{"embeddable":true,"href":"https:\/\/wandilsonramalho.com.br\/blog\/index.php?rest_route=%2Fwp%2Fv2%2Fcomments&post=5368"}],"version-history":[{"count":1,"href":"https:\/\/wandilsonramalho.com.br\/blog\/index.php?rest_route=\/wp\/v2\/posts\/5368\/revisions"}],"predecessor-version":[{"id":5370,"href":"https:\/\/wandilsonramalho.com.br\/blog\/index.php?rest_route=\/wp\/v2\/posts\/5368\/revisions\/5370"}],"wp:featuredmedia":[{"embeddable":true,"href":"https:\/\/wandilsonramalho.com.br\/blog\/index.php?rest_route=\/wp\/v2\/media\/5369"}],"wp:attachment":[{"href":"https:\/\/wandilsonramalho.com.br\/blog\/index.php?rest_route=%2Fwp%2Fv2%2Fmedia&parent=5368"}],"wp:term":[{"taxonomy":"category","embeddable":true,"href":"https:\/\/wandilsonramalho.com.br\/blog\/index.php?rest_route=%2Fwp%2Fv2%2Fcategories&post=5368"},{"taxonomy":"post_tag","embeddable":true,"href":"https:\/\/wandilsonramalho.com.br\/blog\/index.php?rest_route=%2Fwp%2Fv2%2Ftags&post=5368"}],"curies":[{"name":"wp","href":"https:\/\/api.w.org\/{rel}","templated":true}]}}