{"id":5272,"date":"2020-07-02T06:51:46","date_gmt":"2020-07-02T09:51:46","guid":{"rendered":"https:\/\/wandilsonramalho.com.br\/blog\/?p=5272"},"modified":"2020-07-02T06:51:48","modified_gmt":"2020-07-02T09:51:48","slug":"eleicoes-municipais","status":"publish","type":"post","link":"https:\/\/wandilsonramalho.com.br\/blog\/?p=5272","title":{"rendered":"ELEI\u00c7\u00d5ES MUNICIPAIS"},"content":{"rendered":"\n<p>O Plen\u00e1rio da C\u00e2mara dos Deputados aprovou o texto-base da Proposta de Emenda \u00e0 Constitui\u00e7\u00e3o (PEC) 18\/20, que adia as elei\u00e7\u00f5es municipais deste ano em raz\u00e3o da pandemia causada pelo novo coronav\u00edrus.<\/p>\n\n\n\n<p>&nbsp;O placar foi de 407 votos \u201csim\u201d contra 70 votos \u201cn\u00e3o\u201d<\/p>\n\n\n\n<p>O primeiro turno ser\u00e1 realizado em 15 de novembro (hoje previsto para 4 de outubro) e o segundo, em 29 de novembro (pelo calend\u00e1rio atual, 25 de outubro).<\/p>\n\n\n\n<p>Entre 31 de agosto e 16 de setembro para a realiza\u00e7\u00e3o das conven\u00e7\u00f5es<\/p>\n\n\n\n<p>At\u00e9 26 de setembro, partidos e coliga\u00e7\u00f5es devem solicitar \u00e0 Justi\u00e7a Eleitoral o registro de seus candidatos<\/p>\n\n\n\n<p>Ap\u00f3s 26 de setembro, inicia-se a propaganda eleitoral, inclusive na internet.<\/p>\n","protected":false},"excerpt":{"rendered":"<p>O Plen\u00e1rio da C\u00e2mara dos Deputados aprovou o texto-base da Proposta de Emenda \u00e0 Constitui\u00e7\u00e3o (PEC) 18\/20, que adia as elei\u00e7\u00f5es municipais deste ano em raz\u00e3o da pandemia causada pelo novo coronav\u00edrus. &nbsp;O placar foi de 407 votos \u201csim\u201d contra 70 votos \u201cn\u00e3o\u201d O primeiro turno ser\u00e1 realizado em 15 de novembro (hoje previsto para <a href=\"https:\/\/wandilsonramalho.com.br\/blog\/?p=5272\">&#8230;<\/a><\/p>\n","protected":false},"author":2,"featured_media":5274,"comment_status":"open","ping_status":"open","sticky":false,"template":"","format":"standard","meta":{"_jetpack_memberships_contains_paid_content":false,"footnotes":""},"categories":[1],"tags":[],"class_list":["post-5272","post","type-post","status-publish","format-standard","has-post-thumbnail","hentry","category-uncategorized"],"jetpack_featured_media_url":"https:\/\/i0.wp.com\/wandilsonramalho.com.br\/blog\/wp-content\/uploads\/2020\/07\/c1dea251-f0e1-40fe-8002-ad7de84cb5df.jpeg?fit=543%2C263&ssl=1","jetpack_sharing_enabled":true,"_links":{"self":[{"href":"https:\/\/wandilsonramalho.com.br\/blog\/index.php?rest_route=\/wp\/v2\/posts\/5272","targetHints":{"allow":["GET"]}}],"collection":[{"href":"https:\/\/wandilsonramalho.com.br\/blog\/index.php?rest_route=\/wp\/v2\/posts"}],"about":[{"href":"https:\/\/wandilsonramalho.com.br\/blog\/index.php?rest_route=\/wp\/v2\/types\/post"}],"author":[{"embeddable":true,"href":"https:\/\/wandilsonramalho.com.br\/blog\/index.php?rest_route=\/wp\/v2\/users\/2"}],"replies":[{"embeddable":true,"href":"https:\/\/wandilsonramalho.com.br\/blog\/index.php?rest_route=%2Fwp%2Fv2%2Fcomments&post=5272"}],"version-history":[{"count":1,"href":"https:\/\/wandilsonramalho.com.br\/blog\/index.php?rest_route=\/wp\/v2\/posts\/5272\/revisions"}],"predecessor-version":[{"id":5273,"href":"https:\/\/wandilsonramalho.com.br\/blog\/index.php?rest_route=\/wp\/v2\/posts\/5272\/revisions\/5273"}],"wp:featuredmedia":[{"embeddable":true,"href":"https:\/\/wandilsonramalho.com.br\/blog\/index.php?rest_route=\/wp\/v2\/media\/5274"}],"wp:attachment":[{"href":"https:\/\/wandilsonramalho.com.br\/blog\/index.php?rest_route=%2Fwp%2Fv2%2Fmedia&parent=5272"}],"wp:term":[{"taxonomy":"category","embeddable":true,"href":"https:\/\/wandilsonramalho.com.br\/blog\/index.php?rest_route=%2Fwp%2Fv2%2Fcategories&post=5272"},{"taxonomy":"post_tag","embeddable":true,"href":"https:\/\/wandilsonramalho.com.br\/blog\/index.php?rest_route=%2Fwp%2Fv2%2Ftags&post=5272"}],"curies":[{"name":"wp","href":"https:\/\/api.w.org\/{rel}","templated":true}]}}