{"id":5004,"date":"2020-06-23T01:59:00","date_gmt":"2020-06-23T04:59:00","guid":{"rendered":"https:\/\/wandilsonramalho.com.br\/blog\/?p=5004"},"modified":"2020-06-22T20:01:21","modified_gmt":"2020-06-22T23:01:21","slug":"viva-sao-joao","status":"publish","type":"post","link":"https:\/\/wandilsonramalho.com.br\/blog\/?p=5004","title":{"rendered":"viva s\u00e3o jo\u00e3o!!"},"content":{"rendered":"\n<p>Como todos sabem Cara\u00fabas tem sua tradi\u00e7\u00e3o nas festas juninas, o S\u00e3o Jo\u00e3o de Todo Mundo que movimentava as escolas e institui\u00e7\u00e3o da cidade durante 30 dias,\u00a0 este ano fica resumido as festas em casa com a fam\u00edlia, sem fogueiras e sem fogos, mais ado\u00e7ado pelas comidas t\u00edpicas, ora\u00e7\u00f5es e um momento de alegria junto a fam\u00edlia nestes tempos de pandemia.<\/p>\n\n\n\n<p>Hoje , s\u00f3 saudades ..<br>Quem n\u00e3o desejaria dan\u00e7ar e cantar nos grandes festejos juninos , por a\u00ed.!!<\/p>\n\n\n\n<p>Olha pro c\u00e9u, meu amor<br>V\u00ea como ele est\u00e1 lindo<br>Olha praquele bal\u00e3o multicor<br>Como no c\u00e9u vai sumindo.<\/p>\n\n\n\n<p>Viva o S\u00e3o Jo\u00e3o !!<br>Em favor da vida , vamos ficar em casa ..<\/p>\n\n\n\n<p>Foto:Radar Hoje .<\/p>\n","protected":false},"excerpt":{"rendered":"<p>Como todos sabem Cara\u00fabas tem sua tradi\u00e7\u00e3o nas festas juninas, o S\u00e3o Jo\u00e3o de Todo Mundo que movimentava as escolas e institui\u00e7\u00e3o da cidade durante 30 dias,\u00a0 este ano fica resumido as festas em casa com a fam\u00edlia, sem fogueiras e sem fogos, mais ado\u00e7ado pelas comidas t\u00edpicas, ora\u00e7\u00f5es e um momento de alegria junto <a href=\"https:\/\/wandilsonramalho.com.br\/blog\/?p=5004\">&#8230;<\/a><\/p>\n","protected":false},"author":2,"featured_media":5008,"comment_status":"open","ping_status":"open","sticky":false,"template":"","format":"standard","meta":{"_jetpack_memberships_contains_paid_content":false,"footnotes":""},"categories":[18],"tags":[],"class_list":["post-5004","post","type-post","status-publish","format-standard","has-post-thumbnail","hentry","category-caraubas"],"jetpack_featured_media_url":"https:\/\/i0.wp.com\/wandilsonramalho.com.br\/blog\/wp-content\/uploads\/2020\/06\/foto-radar.jpg?fit=641%2C427&ssl=1","jetpack_sharing_enabled":true,"_links":{"self":[{"href":"https:\/\/wandilsonramalho.com.br\/blog\/index.php?rest_route=\/wp\/v2\/posts\/5004","targetHints":{"allow":["GET"]}}],"collection":[{"href":"https:\/\/wandilsonramalho.com.br\/blog\/index.php?rest_route=\/wp\/v2\/posts"}],"about":[{"href":"https:\/\/wandilsonramalho.com.br\/blog\/index.php?rest_route=\/wp\/v2\/types\/post"}],"author":[{"embeddable":true,"href":"https:\/\/wandilsonramalho.com.br\/blog\/index.php?rest_route=\/wp\/v2\/users\/2"}],"replies":[{"embeddable":true,"href":"https:\/\/wandilsonramalho.com.br\/blog\/index.php?rest_route=%2Fwp%2Fv2%2Fcomments&post=5004"}],"version-history":[{"count":4,"href":"https:\/\/wandilsonramalho.com.br\/blog\/index.php?rest_route=\/wp\/v2\/posts\/5004\/revisions"}],"predecessor-version":[{"id":5009,"href":"https:\/\/wandilsonramalho.com.br\/blog\/index.php?rest_route=\/wp\/v2\/posts\/5004\/revisions\/5009"}],"wp:featuredmedia":[{"embeddable":true,"href":"https:\/\/wandilsonramalho.com.br\/blog\/index.php?rest_route=\/wp\/v2\/media\/5008"}],"wp:attachment":[{"href":"https:\/\/wandilsonramalho.com.br\/blog\/index.php?rest_route=%2Fwp%2Fv2%2Fmedia&parent=5004"}],"wp:term":[{"taxonomy":"category","embeddable":true,"href":"https:\/\/wandilsonramalho.com.br\/blog\/index.php?rest_route=%2Fwp%2Fv2%2Fcategories&post=5004"},{"taxonomy":"post_tag","embeddable":true,"href":"https:\/\/wandilsonramalho.com.br\/blog\/index.php?rest_route=%2Fwp%2Fv2%2Ftags&post=5004"}],"curies":[{"name":"wp","href":"https:\/\/api.w.org\/{rel}","templated":true}]}}