{"id":4967,"date":"2020-06-22T00:21:00","date_gmt":"2020-06-22T03:21:00","guid":{"rendered":"https:\/\/wandilsonramalho.com.br\/blog\/?p=4967"},"modified":"2020-06-21T08:26:15","modified_gmt":"2020-06-21T11:26:15","slug":"senhor-senhor-senhor","status":"publish","type":"post","link":"https:\/\/wandilsonramalho.com.br\/blog\/?p=4967","title":{"rendered":"SENHOR, SENHOR, SENHOR .."},"content":{"rendered":"\n<p>Neste tempo de isolamento , muitas lives , missas onlines , novenas , momentos de ora\u00e7\u00e3o ..<\/p>\n\n\n\n<p> \u00c9 bom , \u00e9 tempo de recome\u00e7ar , \u00e9 tempo de pensar mais em Deus , \u00e9 tempo de purifica\u00e7\u00e3o .<\/p>\n\n\n\n<p>Senhor, SENHOR, Senhor ..<\/p>\n\n\n\n<p><strong>Senhor Jesus, M\u00e9dico dos m\u00e9dicos,<\/strong><\/p>\n\n\n\n<p><strong>que curastes com amor os enfermos,<\/strong><\/p>\n\n\n\n<p><strong>e nunca deixastes de acolher a todos,<\/strong><\/p>\n\n\n\n<p><strong>vinde em nosso socorro, neste momento<\/strong><\/p>\n\n\n\n<p><strong>em que o medo nos aprisiona.<\/strong><\/p>\n\n\n\n<p><strong>Libertai-nos do mal da pandemia,<\/strong><\/p>\n\n\n\n<p><strong>que avan\u00e7a sobre o nosso Brasil e todo o mundo.<\/strong><\/p>\n\n\n\n<p><strong>Acreditamos, Senhor,<\/strong><\/p>\n\n\n\n<p><strong>que tudo pode ser mudado pela for\u00e7a da ora\u00e7\u00e3o.<\/strong><\/p>\n\n\n\n<p><strong>Olhai por todos aqueles que est\u00e3o<\/strong><\/p>\n\n\n\n<p><strong>infectados com o coronav\u00edrus.<\/strong><\/p>\n\n\n\n<p><strong>Acolhei junto a Ti as almas<\/strong><\/p>\n\n\n\n<p><strong>de tantas v\u00edtimas desse v\u00edrus em todo o mundo,<\/strong><\/p>\n\n\n\n<p><strong>e libertai do medo os que se encontram catalogados<\/strong><\/p>\n\n\n\n<p><strong>como casos suspeitos.<\/strong><\/p>\n\n\n\n<p><strong>Concedei-nos a sabedoria para seguirmos<\/strong><\/p>\n\n\n\n<p><strong>as orienta\u00e7\u00f5es necess\u00e1rias<\/strong><\/p>\n\n\n\n<p><strong>neste momento em que caminhamos lado a lado<\/strong><\/p>\n\n\n\n<p><strong>com o medo do cont\u00e1gio.<\/strong><\/p>\n\n\n\n<p><strong>Amado Jesus, que n\u00e3o nos falte a f\u00e9 nem o discernimento<\/strong><\/p>\n\n\n\n<p><strong>para nos prevenirmos contra o mal<\/strong><\/p>\n\n\n\n<p><strong>que, rapidamente, tende a crescer a cada dia.<\/strong><\/p>\n\n\n\n<p><strong>&nbsp;Auxiliai com Tua gra\u00e7a os profissionais da \u00e1rea da sa\u00fade,<\/strong><\/p>\n\n\n\n<p><strong>para que descubram a vacina contra o coronav\u00edrus.<\/strong><\/p>\n\n\n\n<p><strong>Dai-nos Tua m\u00e3o e concedei-nos a paz<\/strong><\/p>\n\n\n\n<p><strong>diante desta tempestade que nos rouba a serenidade.<\/strong><\/p>\n\n\n\n<p><strong>Em Ti confiamos, e em Teu Sagrado Cora\u00e7\u00e3o<\/strong><\/p>\n\n\n\n<p><strong>nos refugiamos neste momento em que o mundo<\/strong><\/p>\n\n\n\n<p><strong>clama por Tua infinita miseric\u00f3rdia.<\/strong><\/p>\n\n\n\n<p><strong>Assim seja!<\/strong><\/p>\n\n\n\n<p>Que hoje segunda feira , o retorno das atividades aqui em Cara\u00fabas , haja , mais prudencia,seguran\u00e7a e sabedoria de todos ..<\/p>\n\n\n\n<p>Calma, calma &#8230;.<\/p>\n\n\n\n\n\n\n\n<p>..<\/p>\n\n\n\n\n","protected":false},"excerpt":{"rendered":"<p>Neste tempo de isolamento , muitas lives , missas onlines , novenas , momentos de ora\u00e7\u00e3o .. \u00c9 bom , \u00e9 tempo de recome\u00e7ar , \u00e9 tempo de pensar mais em Deus , \u00e9 tempo de purifica\u00e7\u00e3o . Senhor, SENHOR, Senhor .. Senhor Jesus, M\u00e9dico dos m\u00e9dicos, que curastes com amor os enfermos, e nunca <a href=\"https:\/\/wandilsonramalho.com.br\/blog\/?p=4967\">&#8230;<\/a><\/p>\n","protected":false},"author":2,"featured_media":4971,"comment_status":"open","ping_status":"open","sticky":false,"template":"","format":"standard","meta":{"_jetpack_memberships_contains_paid_content":false,"footnotes":""},"categories":[38],"tags":[],"class_list":["post-4967","post","type-post","status-publish","format-standard","has-post-thumbnail","hentry","category-especiais"],"jetpack_featured_media_url":"https:\/\/i0.wp.com\/wandilsonramalho.com.br\/blog\/wp-content\/uploads\/2020\/06\/pintor-barroco-desconhecido-jesus-misecordioso-d.jpg?fit=451%2C640&ssl=1","jetpack_sharing_enabled":true,"_links":{"self":[{"href":"https:\/\/wandilsonramalho.com.br\/blog\/index.php?rest_route=\/wp\/v2\/posts\/4967","targetHints":{"allow":["GET"]}}],"collection":[{"href":"https:\/\/wandilsonramalho.com.br\/blog\/index.php?rest_route=\/wp\/v2\/posts"}],"about":[{"href":"https:\/\/wandilsonramalho.com.br\/blog\/index.php?rest_route=\/wp\/v2\/types\/post"}],"author":[{"embeddable":true,"href":"https:\/\/wandilsonramalho.com.br\/blog\/index.php?rest_route=\/wp\/v2\/users\/2"}],"replies":[{"embeddable":true,"href":"https:\/\/wandilsonramalho.com.br\/blog\/index.php?rest_route=%2Fwp%2Fv2%2Fcomments&post=4967"}],"version-history":[{"count":4,"href":"https:\/\/wandilsonramalho.com.br\/blog\/index.php?rest_route=\/wp\/v2\/posts\/4967\/revisions"}],"predecessor-version":[{"id":4972,"href":"https:\/\/wandilsonramalho.com.br\/blog\/index.php?rest_route=\/wp\/v2\/posts\/4967\/revisions\/4972"}],"wp:featuredmedia":[{"embeddable":true,"href":"https:\/\/wandilsonramalho.com.br\/blog\/index.php?rest_route=\/wp\/v2\/media\/4971"}],"wp:attachment":[{"href":"https:\/\/wandilsonramalho.com.br\/blog\/index.php?rest_route=%2Fwp%2Fv2%2Fmedia&parent=4967"}],"wp:term":[{"taxonomy":"category","embeddable":true,"href":"https:\/\/wandilsonramalho.com.br\/blog\/index.php?rest_route=%2Fwp%2Fv2%2Fcategories&post=4967"},{"taxonomy":"post_tag","embeddable":true,"href":"https:\/\/wandilsonramalho.com.br\/blog\/index.php?rest_route=%2Fwp%2Fv2%2Ftags&post=4967"}],"curies":[{"name":"wp","href":"https:\/\/api.w.org\/{rel}","templated":true}]}}