{"id":4810,"date":"2020-06-15T01:20:00","date_gmt":"2020-06-15T04:20:00","guid":{"rendered":"https:\/\/wandilsonramalho.com.br\/blog\/?p=4810"},"modified":"2020-06-14T16:25:25","modified_gmt":"2020-06-14T19:25:25","slug":"eles-brilharam-o-professor-felipe-ribeiro-e-ekarinny-myrela","status":"publish","type":"post","link":"https:\/\/wandilsonramalho.com.br\/blog\/?p=4810","title":{"rendered":"eles brilharam, o professor Felipe Ribeiro e Ekarinny Myrela"},"content":{"rendered":"\n<figure class=\"wp-block-image size-large\"><img data-recalc-dims=\"1\" fetchpriority=\"high\" decoding=\"async\" width=\"845\" height=\"643\" src=\"https:\/\/i0.wp.com\/wandilsonramalho.com.br\/blog\/wp-content\/uploads\/2020\/06\/07963037-1289-41ae-bef2-38e781f30d31-1.jpg?resize=845%2C643&#038;ssl=1\" alt=\"\" class=\"wp-image-4819\"\/><\/figure>\n\n\n\n<p>O Professor Felipe Ribeiro e aluna Ekarinny Myrela Brito de Medeiros,da Ufersa conseguiram faturar o  segundo maior pr\u00eamio em programa de TV .<\/p>\n\n\n\n<p>A participa\u00e7\u00e3o dos dois no quadro <em>The Wall<\/em>, do programa Caldeir\u00e3o do Huck, da TV Globo que foi apresentado neste s\u00e1bado 13 foi brilhante ..<\/p>\n\n\n\n<p>O professor Felipe acertou todas as perguntas do quadro(\u00e9 fera mesmo )!<\/p>\n\n\n\n<p>Eis o depoimento importante do professor .<\/p>\n\n\n\n<p>Fonte Portal da UFERSA \/Mossor\u00f3 .<\/p>\n\n\n\n<p>&#8220;Me pergunto quantos jovens como Ekarinny est\u00e3o por a\u00ed nas periferias das grandes cidades, nos interiores mais simples, no sert\u00e3o do semi\u00e1rido? Jovens que n\u00e3o sabem qu\u00e3o brilhantes s\u00e3o e que precisam apenas de algu\u00e9m que acenda suas chamas para que elas cres\u00e7am e iluminem o mundo Felipe Ribeiro\/professor.&#8221;<\/p>\n\n\n\n<p>Realmente , eles fazem a diferen\u00e7a , estudam , pesquisam ..Orgulho para O RN.<\/p>\n\n\n\n\n\n\n\n<figure class=\"wp-block-image size-large\"><img data-recalc-dims=\"1\" decoding=\"async\" width=\"500\" height=\"284\" src=\"https:\/\/i0.wp.com\/wandilsonramalho.com.br\/blog\/wp-content\/uploads\/2020\/06\/Felipe-palco-Caldeir%C3%A3o-e1592083324270.jpg?resize=500%2C284&#038;ssl=1\" alt=\"\" class=\"wp-image-4818\"\/><\/figure>\n\n\n\n\n\n\n\n\n","protected":false},"excerpt":{"rendered":"<p>O Professor Felipe Ribeiro e aluna Ekarinny Myrela Brito de Medeiros,da Ufersa conseguiram faturar o segundo maior pr\u00eamio em programa de TV . A participa\u00e7\u00e3o dos dois no quadro The Wall, do programa Caldeir\u00e3o do Huck, da TV Globo que foi apresentado neste s\u00e1bado 13 foi brilhante .. O professor Felipe acertou todas as perguntas <a href=\"https:\/\/wandilsonramalho.com.br\/blog\/?p=4810\">&#8230;<\/a><\/p>\n","protected":false},"author":2,"featured_media":0,"comment_status":"open","ping_status":"open","sticky":false,"template":"","format":"standard","meta":{"_jetpack_memberships_contains_paid_content":false,"footnotes":""},"categories":[31],"tags":[],"class_list":["post-4810","post","type-post","status-publish","format-standard","hentry","category-projetos"],"jetpack_featured_media_url":"","jetpack_sharing_enabled":true,"_links":{"self":[{"href":"https:\/\/wandilsonramalho.com.br\/blog\/index.php?rest_route=\/wp\/v2\/posts\/4810","targetHints":{"allow":["GET"]}}],"collection":[{"href":"https:\/\/wandilsonramalho.com.br\/blog\/index.php?rest_route=\/wp\/v2\/posts"}],"about":[{"href":"https:\/\/wandilsonramalho.com.br\/blog\/index.php?rest_route=\/wp\/v2\/types\/post"}],"author":[{"embeddable":true,"href":"https:\/\/wandilsonramalho.com.br\/blog\/index.php?rest_route=\/wp\/v2\/users\/2"}],"replies":[{"embeddable":true,"href":"https:\/\/wandilsonramalho.com.br\/blog\/index.php?rest_route=%2Fwp%2Fv2%2Fcomments&post=4810"}],"version-history":[{"count":6,"href":"https:\/\/wandilsonramalho.com.br\/blog\/index.php?rest_route=\/wp\/v2\/posts\/4810\/revisions"}],"predecessor-version":[{"id":4820,"href":"https:\/\/wandilsonramalho.com.br\/blog\/index.php?rest_route=\/wp\/v2\/posts\/4810\/revisions\/4820"}],"wp:attachment":[{"href":"https:\/\/wandilsonramalho.com.br\/blog\/index.php?rest_route=%2Fwp%2Fv2%2Fmedia&parent=4810"}],"wp:term":[{"taxonomy":"category","embeddable":true,"href":"https:\/\/wandilsonramalho.com.br\/blog\/index.php?rest_route=%2Fwp%2Fv2%2Fcategories&post=4810"},{"taxonomy":"post_tag","embeddable":true,"href":"https:\/\/wandilsonramalho.com.br\/blog\/index.php?rest_route=%2Fwp%2Fv2%2Ftags&post=4810"}],"curies":[{"name":"wp","href":"https:\/\/api.w.org\/{rel}","templated":true}]}}