{"id":4721,"date":"2020-06-11T14:30:18","date_gmt":"2020-06-11T17:30:18","guid":{"rendered":"https:\/\/wandilsonramalho.com.br\/blog\/?p=4721"},"modified":"2020-06-11T14:30:20","modified_gmt":"2020-06-11T17:30:20","slug":"carlito-fernandes-partiu","status":"publish","type":"post","link":"https:\/\/wandilsonramalho.com.br\/blog\/?p=4721","title":{"rendered":"carlito fernandes ..partiu"},"content":{"rendered":"\n<p>T\u00e3o repente, sem aviso pr\u00e9vio a familia de Carlito Fernandes , anuncia logo cedo que ele v\u00edtima de Covid 19 , tinha partido ..sem adeus , sem at\u00e9 logo ..<\/p>\n\n\n\n<p>Meu Deus , diante de tanta dor , o que dizer as suas irm\u00e3s Socorro Fernandes que perdeu um filho recentemente ,  a   Elcinha e demais familiares ?<\/p>\n\n\n\n<p>Carlito era alegre, feliz, adorava se comunicar , enfim , um homem de bem ..<\/p>\n\n\n\n<p>Ele partiu..<\/p>\n\n\n\n<p>Ele fez o bem ..<\/p>\n\n\n\n<p>Ele adorava familia ..<\/p>\n\n\n\n<p>Deus em sua infinita miseric\u00f3rdia dar\u00e1 a todos sabedoria para seguir , f\u00e9 para entender e coragem para quando a ang\u00fastia for mais forte . <\/p>\n\n\n\n<p>Disse-lhe Jesus: Eu sou a ressurrei\u00e7\u00e3o e a vida; quem cr\u00ea em mim, ainda que esteja morto, viver\u00e1; e todo aquele que vive e cr\u00ea em mim nunca morrer\u00e1. Cr\u00eas tu isso?<\/p>\n\n\n\n<p>Um abra\u00e7o aos familiares ..<\/p>\n\n\n\n\n\n\n\n\n","protected":false},"excerpt":{"rendered":"<p>T\u00e3o repente, sem aviso pr\u00e9vio a familia de Carlito Fernandes , anuncia logo cedo que ele v\u00edtima de Covid 19 , tinha partido ..sem adeus , sem at\u00e9 logo .. Meu Deus , diante de tanta dor , o que dizer as suas irm\u00e3s Socorro Fernandes que perdeu um filho recentemente , a Elcinha e <a href=\"https:\/\/wandilsonramalho.com.br\/blog\/?p=4721\">&#8230;<\/a><\/p>\n","protected":false},"author":2,"featured_media":4724,"comment_status":"open","ping_status":"open","sticky":false,"template":"","format":"standard","meta":{"_jetpack_memberships_contains_paid_content":false,"footnotes":""},"categories":[38],"tags":[],"class_list":["post-4721","post","type-post","status-publish","format-standard","has-post-thumbnail","hentry","category-especiais"],"jetpack_featured_media_url":"https:\/\/i0.wp.com\/wandilsonramalho.com.br\/blog\/wp-content\/uploads\/2020\/06\/18278763_UGiLO.jpeg?fit=500%2C447&ssl=1","jetpack_sharing_enabled":true,"_links":{"self":[{"href":"https:\/\/wandilsonramalho.com.br\/blog\/index.php?rest_route=\/wp\/v2\/posts\/4721","targetHints":{"allow":["GET"]}}],"collection":[{"href":"https:\/\/wandilsonramalho.com.br\/blog\/index.php?rest_route=\/wp\/v2\/posts"}],"about":[{"href":"https:\/\/wandilsonramalho.com.br\/blog\/index.php?rest_route=\/wp\/v2\/types\/post"}],"author":[{"embeddable":true,"href":"https:\/\/wandilsonramalho.com.br\/blog\/index.php?rest_route=\/wp\/v2\/users\/2"}],"replies":[{"embeddable":true,"href":"https:\/\/wandilsonramalho.com.br\/blog\/index.php?rest_route=%2Fwp%2Fv2%2Fcomments&post=4721"}],"version-history":[{"count":3,"href":"https:\/\/wandilsonramalho.com.br\/blog\/index.php?rest_route=\/wp\/v2\/posts\/4721\/revisions"}],"predecessor-version":[{"id":4725,"href":"https:\/\/wandilsonramalho.com.br\/blog\/index.php?rest_route=\/wp\/v2\/posts\/4721\/revisions\/4725"}],"wp:featuredmedia":[{"embeddable":true,"href":"https:\/\/wandilsonramalho.com.br\/blog\/index.php?rest_route=\/wp\/v2\/media\/4724"}],"wp:attachment":[{"href":"https:\/\/wandilsonramalho.com.br\/blog\/index.php?rest_route=%2Fwp%2Fv2%2Fmedia&parent=4721"}],"wp:term":[{"taxonomy":"category","embeddable":true,"href":"https:\/\/wandilsonramalho.com.br\/blog\/index.php?rest_route=%2Fwp%2Fv2%2Fcategories&post=4721"},{"taxonomy":"post_tag","embeddable":true,"href":"https:\/\/wandilsonramalho.com.br\/blog\/index.php?rest_route=%2Fwp%2Fv2%2Ftags&post=4721"}],"curies":[{"name":"wp","href":"https:\/\/api.w.org\/{rel}","templated":true}]}}