{"id":4705,"date":"2020-06-11T00:35:00","date_gmt":"2020-06-11T03:35:00","guid":{"rendered":"https:\/\/wandilsonramalho.com.br\/blog\/?p=4705"},"modified":"2020-06-10T18:36:32","modified_gmt":"2020-06-10T21:36:32","slug":"caraubas-terra-amada-2","status":"publish","type":"post","link":"https:\/\/wandilsonramalho.com.br\/blog\/?p=4705","title":{"rendered":"cara\u00fabas , terra amada"},"content":{"rendered":"\n<p><strong>Hino do munic\u00edpio de <a href=\"https:\/\/pt.wikipedia.org\/wiki\/Cara%C3%BAbas_(Rio_Grande_do_Norte)\">Cara\u00fabas<\/a><\/strong><br><em>Letra por Maria Silvia de V. C\u00e2mara<\/em><br><em>Melodia por Sebastiana de Oliveira e Silva<\/em><\/p>\n\n\n\n<p>Cara\u00fabas cidade fagueira<br>De belezas e encantos aflux<br>Do sert\u00e3o \u00e9s a plaga altaneira<br>Inundada de luz.<\/p>\n\n\n\n<p>Surge lindo o sol radioso<br>Dissipando os claros v\u00e9us<br>O teu c\u00e9u de azul glorioso<br>Brilha mais que os outros c\u00e9us.<\/p>\n\n\n\n<p>Quem me dera morrer em teu seio<br>Jamais longe de te demorar<br>Quando deixo estes campos receio<br>Nunca mais regressar.<\/p>\n\n\n\n<p>Meu amado torr\u00e3o, minha terra.<br>Deixo a ti este canto de amor<br>Que em palavras t\u00e3o simples encerra<br>Meu afeto e fervor.<\/p>\n\n\n\n<p>Cara\u00fabas, minha terra adotada (Tica Soares) ..<\/p>\n\n\n\n<p>Vivendo dias <strong>dif\u00edceis<\/strong>, mas que a esperan\u00e7a impera em cada um dos filhos desta terra ..<\/p>\n\n\n\n<p>A esperan\u00e7a de ver , sentir que a tempestade vai passar ..<\/p>\n\n\n\n<p>E todos se Deus quiser iremos  proclamar sem cessar<br>HOSANA!HOSANA!<br>HOSANA!<br>HOSANA!HOSANA!<br>HOSANA!<br>HOSANA!HOSANA!<br>HOSANA!<br>HOSANA!HOSANA!<\/p>\n\n\n\n<p><strong>Hosana nas alturas<\/strong> \u00e9 uma ora\u00e7\u00e3o a Deus, e significa: \u201cSalva-nos agora, \u00f3 Tu que habitas nas maiores <strong>alturas<\/strong>\u201d.<\/p>\n\n\n\n<p>Am\u00e9m, am\u00e9m..<\/p>\n\n\n\n<p>Cara\u00fabas como te amo !!<\/p>\n\n\n\n\n","protected":false},"excerpt":{"rendered":"<p>Hino do munic\u00edpio de Cara\u00fabasLetra por Maria Silvia de V. C\u00e2maraMelodia por Sebastiana de Oliveira e Silva Cara\u00fabas cidade fagueiraDe belezas e encantos afluxDo sert\u00e3o \u00e9s a plaga altaneiraInundada de luz. Surge lindo o sol radiosoDissipando os claros v\u00e9usO teu c\u00e9u de azul gloriosoBrilha mais que os outros c\u00e9us. Quem me dera morrer em teu <a href=\"https:\/\/wandilsonramalho.com.br\/blog\/?p=4705\">&#8230;<\/a><\/p>\n","protected":false},"author":2,"featured_media":4710,"comment_status":"open","ping_status":"open","sticky":false,"template":"","format":"standard","meta":{"_jetpack_memberships_contains_paid_content":false,"footnotes":""},"categories":[18],"tags":[],"class_list":["post-4705","post","type-post","status-publish","format-standard","has-post-thumbnail","hentry","category-caraubas"],"jetpack_featured_media_url":"https:\/\/i0.wp.com\/wandilsonramalho.com.br\/blog\/wp-content\/uploads\/2020\/06\/imagem-j.carneiro.jpg?fit=720%2C540&ssl=1","jetpack_sharing_enabled":true,"_links":{"self":[{"href":"https:\/\/wandilsonramalho.com.br\/blog\/index.php?rest_route=\/wp\/v2\/posts\/4705","targetHints":{"allow":["GET"]}}],"collection":[{"href":"https:\/\/wandilsonramalho.com.br\/blog\/index.php?rest_route=\/wp\/v2\/posts"}],"about":[{"href":"https:\/\/wandilsonramalho.com.br\/blog\/index.php?rest_route=\/wp\/v2\/types\/post"}],"author":[{"embeddable":true,"href":"https:\/\/wandilsonramalho.com.br\/blog\/index.php?rest_route=\/wp\/v2\/users\/2"}],"replies":[{"embeddable":true,"href":"https:\/\/wandilsonramalho.com.br\/blog\/index.php?rest_route=%2Fwp%2Fv2%2Fcomments&post=4705"}],"version-history":[{"count":5,"href":"https:\/\/wandilsonramalho.com.br\/blog\/index.php?rest_route=\/wp\/v2\/posts\/4705\/revisions"}],"predecessor-version":[{"id":4711,"href":"https:\/\/wandilsonramalho.com.br\/blog\/index.php?rest_route=\/wp\/v2\/posts\/4705\/revisions\/4711"}],"wp:featuredmedia":[{"embeddable":true,"href":"https:\/\/wandilsonramalho.com.br\/blog\/index.php?rest_route=\/wp\/v2\/media\/4710"}],"wp:attachment":[{"href":"https:\/\/wandilsonramalho.com.br\/blog\/index.php?rest_route=%2Fwp%2Fv2%2Fmedia&parent=4705"}],"wp:term":[{"taxonomy":"category","embeddable":true,"href":"https:\/\/wandilsonramalho.com.br\/blog\/index.php?rest_route=%2Fwp%2Fv2%2Fcategories&post=4705"},{"taxonomy":"post_tag","embeddable":true,"href":"https:\/\/wandilsonramalho.com.br\/blog\/index.php?rest_route=%2Fwp%2Fv2%2Ftags&post=4705"}],"curies":[{"name":"wp","href":"https:\/\/api.w.org\/{rel}","templated":true}]}}