{"id":4686,"date":"2020-06-10T07:47:13","date_gmt":"2020-06-10T10:47:13","guid":{"rendered":"https:\/\/wandilsonramalho.com.br\/blog\/?p=4686"},"modified":"2020-06-10T07:47:15","modified_gmt":"2020-06-10T10:47:15","slug":"parabens-novinho-praxedes","status":"publish","type":"post","link":"https:\/\/wandilsonramalho.com.br\/blog\/?p=4686","title":{"rendered":"parab\u00e9ns, novinho praxedes"},"content":{"rendered":"\n<p>Hoje, \u00e9 o anivers\u00e1rio de Novinho Praxedes.<\/p>\n\n\n\n<p>Parab\u00e9ns !!<br>O anivers\u00e1rio , o anivers\u00e1rio n\u00e3o se celebra .<\/p>\n\n\n\n<p>Como ? Ele e sua familia est\u00e3o de luto , seu pai Severino Praxedes ontem, partiu, deu adeus ao mundo ..<\/p>\n\n\n\n<p>A vida e a morte , se interpenetram..<\/p>\n\n\n\n<p>Sol e dia ..<\/p>\n\n\n\n<p>Calar e frio..<\/p>\n\n\n\n<p>Vida e morte..<\/p>\n\n\n\n<p>Alegria e tristeza ..<\/p>\n\n\n\n<p>Tudo faz parte de vida..<\/p>\n\n\n\n<p>Ontem,para Novinho e familia , os p\u00easames ..<\/p>\n\n\n\n<p>Hoje, parab\u00e9ns , pela sua vida NOVINHO . <\/p>\n\n\n\n\n","protected":false},"excerpt":{"rendered":"<p>Hoje, \u00e9 o anivers\u00e1rio de Novinho Praxedes. Parab\u00e9ns !!O anivers\u00e1rio , o anivers\u00e1rio n\u00e3o se celebra . Como ? Ele e sua familia est\u00e3o de luto , seu pai Severino Praxedes ontem, partiu, deu adeus ao mundo .. A vida e a morte , se interpenetram.. Sol e dia .. Calar e frio.. Vida e <a href=\"https:\/\/wandilsonramalho.com.br\/blog\/?p=4686\">&#8230;<\/a><\/p>\n","protected":false},"author":2,"featured_media":4687,"comment_status":"open","ping_status":"open","sticky":false,"template":"","format":"standard","meta":{"_jetpack_memberships_contains_paid_content":false,"footnotes":""},"categories":[22],"tags":[],"class_list":["post-4686","post","type-post","status-publish","format-standard","has-post-thumbnail","hentry","category-aniversariantes"],"jetpack_featured_media_url":"https:\/\/i0.wp.com\/wandilsonramalho.com.br\/blog\/wp-content\/uploads\/2020\/06\/f01-novinho.jpg?fit=702%2C747&ssl=1","jetpack_sharing_enabled":true,"_links":{"self":[{"href":"https:\/\/wandilsonramalho.com.br\/blog\/index.php?rest_route=\/wp\/v2\/posts\/4686","targetHints":{"allow":["GET"]}}],"collection":[{"href":"https:\/\/wandilsonramalho.com.br\/blog\/index.php?rest_route=\/wp\/v2\/posts"}],"about":[{"href":"https:\/\/wandilsonramalho.com.br\/blog\/index.php?rest_route=\/wp\/v2\/types\/post"}],"author":[{"embeddable":true,"href":"https:\/\/wandilsonramalho.com.br\/blog\/index.php?rest_route=\/wp\/v2\/users\/2"}],"replies":[{"embeddable":true,"href":"https:\/\/wandilsonramalho.com.br\/blog\/index.php?rest_route=%2Fwp%2Fv2%2Fcomments&post=4686"}],"version-history":[{"count":1,"href":"https:\/\/wandilsonramalho.com.br\/blog\/index.php?rest_route=\/wp\/v2\/posts\/4686\/revisions"}],"predecessor-version":[{"id":4688,"href":"https:\/\/wandilsonramalho.com.br\/blog\/index.php?rest_route=\/wp\/v2\/posts\/4686\/revisions\/4688"}],"wp:featuredmedia":[{"embeddable":true,"href":"https:\/\/wandilsonramalho.com.br\/blog\/index.php?rest_route=\/wp\/v2\/media\/4687"}],"wp:attachment":[{"href":"https:\/\/wandilsonramalho.com.br\/blog\/index.php?rest_route=%2Fwp%2Fv2%2Fmedia&parent=4686"}],"wp:term":[{"taxonomy":"category","embeddable":true,"href":"https:\/\/wandilsonramalho.com.br\/blog\/index.php?rest_route=%2Fwp%2Fv2%2Fcategories&post=4686"},{"taxonomy":"post_tag","embeddable":true,"href":"https:\/\/wandilsonramalho.com.br\/blog\/index.php?rest_route=%2Fwp%2Fv2%2Ftags&post=4686"}],"curies":[{"name":"wp","href":"https:\/\/api.w.org\/{rel}","templated":true}]}}