{"id":4665,"date":"2020-06-09T01:36:00","date_gmt":"2020-06-09T04:36:00","guid":{"rendered":"https:\/\/wandilsonramalho.com.br\/blog\/?p=4665"},"modified":"2020-06-08T16:42:41","modified_gmt":"2020-06-08T19:42:41","slug":"dia-de-corpus-christi","status":"publish","type":"post","link":"https:\/\/wandilsonramalho.com.br\/blog\/?p=4665","title":{"rendered":"dia de corpus christi"},"content":{"rendered":"\n<p>A Diocese de Mossor\u00f3 j\u00e1 anunciou os atos religiosos do dia de Corpus Christi quinta feira 11 .<\/p>\n\n\n\n<p> \u00c0s 16 horas ser\u00e1 a missa (sem presen\u00e7as do fieis ), ap\u00f3s acontece o traslado do Santissimo sacramento pelas ruas da cidade da Catedral at\u00e9 o Santu\u00e1rio do Sagrado Cora\u00e7\u00e3o de Jesus . <\/p>\n\n\n\n<p>Tudo ser\u00e1 transmitido pela TCM TELECOM , Youtube , Radio RuraL de Mossor\u00f3 , Facebook da Diocese e FM 95 .<\/p>\n\n\n\n<p>Ser\u00e1 presidida pelo Bispo Dom Mariano Manzana .<\/p>\n\n\n\n<p>\u00c9 feriado &#8230;<\/p>\n\n\n\n<p>Como estamos em isolamento , teremos tempo para rezar, ligar a TV e assistir esses atos religiosos.<\/p>\n","protected":false},"excerpt":{"rendered":"<p>A Diocese de Mossor\u00f3 j\u00e1 anunciou os atos religiosos do dia de Corpus Christi quinta feira 11 . \u00c0s 16 horas ser\u00e1 a missa (sem presen\u00e7as do fieis ), ap\u00f3s acontece o traslado do Santissimo sacramento pelas ruas da cidade da Catedral at\u00e9 o Santu\u00e1rio do Sagrado Cora\u00e7\u00e3o de Jesus . Tudo ser\u00e1 transmitido pela <a href=\"https:\/\/wandilsonramalho.com.br\/blog\/?p=4665\">&#8230;<\/a><\/p>\n","protected":false},"author":2,"featured_media":4668,"comment_status":"open","ping_status":"open","sticky":false,"template":"","format":"standard","meta":{"_jetpack_memberships_contains_paid_content":false,"footnotes":""},"categories":[1],"tags":[],"class_list":["post-4665","post","type-post","status-publish","format-standard","has-post-thumbnail","hentry","category-uncategorized"],"jetpack_featured_media_url":"https:\/\/i0.wp.com\/wandilsonramalho.com.br\/blog\/wp-content\/uploads\/2020\/06\/rr-1.jpg?fit=480%2C488&ssl=1","jetpack_sharing_enabled":true,"_links":{"self":[{"href":"https:\/\/wandilsonramalho.com.br\/blog\/index.php?rest_route=\/wp\/v2\/posts\/4665","targetHints":{"allow":["GET"]}}],"collection":[{"href":"https:\/\/wandilsonramalho.com.br\/blog\/index.php?rest_route=\/wp\/v2\/posts"}],"about":[{"href":"https:\/\/wandilsonramalho.com.br\/blog\/index.php?rest_route=\/wp\/v2\/types\/post"}],"author":[{"embeddable":true,"href":"https:\/\/wandilsonramalho.com.br\/blog\/index.php?rest_route=\/wp\/v2\/users\/2"}],"replies":[{"embeddable":true,"href":"https:\/\/wandilsonramalho.com.br\/blog\/index.php?rest_route=%2Fwp%2Fv2%2Fcomments&post=4665"}],"version-history":[{"count":4,"href":"https:\/\/wandilsonramalho.com.br\/blog\/index.php?rest_route=\/wp\/v2\/posts\/4665\/revisions"}],"predecessor-version":[{"id":4671,"href":"https:\/\/wandilsonramalho.com.br\/blog\/index.php?rest_route=\/wp\/v2\/posts\/4665\/revisions\/4671"}],"wp:featuredmedia":[{"embeddable":true,"href":"https:\/\/wandilsonramalho.com.br\/blog\/index.php?rest_route=\/wp\/v2\/media\/4668"}],"wp:attachment":[{"href":"https:\/\/wandilsonramalho.com.br\/blog\/index.php?rest_route=%2Fwp%2Fv2%2Fmedia&parent=4665"}],"wp:term":[{"taxonomy":"category","embeddable":true,"href":"https:\/\/wandilsonramalho.com.br\/blog\/index.php?rest_route=%2Fwp%2Fv2%2Fcategories&post=4665"},{"taxonomy":"post_tag","embeddable":true,"href":"https:\/\/wandilsonramalho.com.br\/blog\/index.php?rest_route=%2Fwp%2Fv2%2Ftags&post=4665"}],"curies":[{"name":"wp","href":"https:\/\/api.w.org\/{rel}","templated":true}]}}