{"id":4654,"date":"2020-06-09T01:17:00","date_gmt":"2020-06-09T04:17:00","guid":{"rendered":"https:\/\/wandilsonramalho.com.br\/blog\/?p=4654"},"modified":"2020-06-08T16:25:43","modified_gmt":"2020-06-08T19:25:43","slug":"prefeito-decreta-lockdown","status":"publish","type":"post","link":"https:\/\/wandilsonramalho.com.br\/blog\/?p=4654","title":{"rendered":"PREFEITO DECRETA LOCKDOWN"},"content":{"rendered":"\n<p>O prefeito Juninho Alves anunciou neste final de semana que amanh\u00e3 10, \u00a0inicia em nossa cidade\u00a0 o decreto do lockdown (bloqueio total ) ato \u00a0preventivo com medidas mais r\u00edgidas \u00a0para garantir a vida.<\/p>\n\n\n\n<p>Porque ?Apesar das orienta\u00e7\u00f5es , das campanhas realizadas pela prefeitura em parceria com a Secretaria de Sa\u00fade vem aumentando dia a dia os casos de coronavirus. <\/p>\n\n\n\n<p>Correto, prefeito.<\/p>\n","protected":false},"excerpt":{"rendered":"<p>O prefeito Juninho Alves anunciou neste final de semana que amanh\u00e3 10, \u00a0inicia em nossa cidade\u00a0 o decreto do lockdown (bloqueio total ) ato \u00a0preventivo com medidas mais r\u00edgidas \u00a0para garantir a vida. Porque ?Apesar das orienta\u00e7\u00f5es , das campanhas realizadas pela prefeitura em parceria com a Secretaria de Sa\u00fade vem aumentando dia a dia <a href=\"https:\/\/wandilsonramalho.com.br\/blog\/?p=4654\">&#8230;<\/a><\/p>\n","protected":false},"author":2,"featured_media":4658,"comment_status":"open","ping_status":"open","sticky":false,"template":"","format":"standard","meta":{"_jetpack_memberships_contains_paid_content":false,"footnotes":""},"categories":[18],"tags":[],"class_list":["post-4654","post","type-post","status-publish","format-standard","has-post-thumbnail","hentry","category-caraubas"],"jetpack_featured_media_url":"https:\/\/i0.wp.com\/wandilsonramalho.com.br\/blog\/wp-content\/uploads\/2020\/06\/13062262_1736380089979992_5029130405104484650_n.jpg?fit=666%2C601&ssl=1","jetpack_sharing_enabled":true,"_links":{"self":[{"href":"https:\/\/wandilsonramalho.com.br\/blog\/index.php?rest_route=\/wp\/v2\/posts\/4654","targetHints":{"allow":["GET"]}}],"collection":[{"href":"https:\/\/wandilsonramalho.com.br\/blog\/index.php?rest_route=\/wp\/v2\/posts"}],"about":[{"href":"https:\/\/wandilsonramalho.com.br\/blog\/index.php?rest_route=\/wp\/v2\/types\/post"}],"author":[{"embeddable":true,"href":"https:\/\/wandilsonramalho.com.br\/blog\/index.php?rest_route=\/wp\/v2\/users\/2"}],"replies":[{"embeddable":true,"href":"https:\/\/wandilsonramalho.com.br\/blog\/index.php?rest_route=%2Fwp%2Fv2%2Fcomments&post=4654"}],"version-history":[{"count":3,"href":"https:\/\/wandilsonramalho.com.br\/blog\/index.php?rest_route=\/wp\/v2\/posts\/4654\/revisions"}],"predecessor-version":[{"id":4659,"href":"https:\/\/wandilsonramalho.com.br\/blog\/index.php?rest_route=\/wp\/v2\/posts\/4654\/revisions\/4659"}],"wp:featuredmedia":[{"embeddable":true,"href":"https:\/\/wandilsonramalho.com.br\/blog\/index.php?rest_route=\/wp\/v2\/media\/4658"}],"wp:attachment":[{"href":"https:\/\/wandilsonramalho.com.br\/blog\/index.php?rest_route=%2Fwp%2Fv2%2Fmedia&parent=4654"}],"wp:term":[{"taxonomy":"category","embeddable":true,"href":"https:\/\/wandilsonramalho.com.br\/blog\/index.php?rest_route=%2Fwp%2Fv2%2Fcategories&post=4654"},{"taxonomy":"post_tag","embeddable":true,"href":"https:\/\/wandilsonramalho.com.br\/blog\/index.php?rest_route=%2Fwp%2Fv2%2Ftags&post=4654"}],"curies":[{"name":"wp","href":"https:\/\/api.w.org\/{rel}","templated":true}]}}