{"id":4546,"date":"2020-06-07T00:25:00","date_gmt":"2020-06-07T03:25:00","guid":{"rendered":"https:\/\/wandilsonramalho.com.br\/blog\/?p=4546"},"modified":"2020-06-04T16:27:33","modified_gmt":"2020-06-04T19:27:33","slug":"momento-reflexao-14","status":"publish","type":"post","link":"https:\/\/wandilsonramalho.com.br\/blog\/?p=4546","title":{"rendered":"momento reflex\u00e3o"},"content":{"rendered":"\n<p>Diz a velha curandeira da alma: n\u00e3o d\u00f3i as costas, d\u00f3i a carga. N\u00e3o doem os teus olhos, d\u00f3i a injusti\u00e7a. N\u00e3o d\u00f3i a tua cabe\u00e7a, doem os teus pensamentos. N\u00e3o d\u00f3i a garganta, d\u00f3i o que n\u00e3o se expressa ou se expressa com raiva. N\u00e3o d\u00f3i o est\u00f4mago, d\u00f3i o que a alma n\u00e3o digere. N\u00e3o d\u00f3i o f\u00edgado, d\u00f3i a raiva. N\u00e3o d\u00f3i o teu cora\u00e7\u00e3o, d\u00f3i o amor. E \u00e9 ele, o amor mesmo, aquele que cont\u00e9m a medicina mais poderosa.&#8221;<br><br>&#8211; Ada Luz Marquez<\/p>\n","protected":false},"excerpt":{"rendered":"<p>Diz a velha curandeira da alma: n\u00e3o d\u00f3i as costas, d\u00f3i a carga. N\u00e3o doem os teus olhos, d\u00f3i a injusti\u00e7a. N\u00e3o d\u00f3i a tua cabe\u00e7a, doem os teus pensamentos. N\u00e3o d\u00f3i a garganta, d\u00f3i o que n\u00e3o se expressa ou se expressa com raiva. N\u00e3o d\u00f3i o est\u00f4mago, d\u00f3i o que a alma n\u00e3o <a href=\"https:\/\/wandilsonramalho.com.br\/blog\/?p=4546\">&#8230;<\/a><\/p>\n","protected":false},"author":2,"featured_media":4547,"comment_status":"open","ping_status":"open","sticky":false,"template":"","format":"standard","meta":{"_jetpack_memberships_contains_paid_content":false,"footnotes":""},"categories":[2],"tags":[],"class_list":["post-4546","post","type-post","status-publish","format-standard","has-post-thumbnail","hentry","category-mensagens"],"jetpack_featured_media_url":"https:\/\/i0.wp.com\/wandilsonramalho.com.br\/blog\/wp-content\/uploads\/2020\/06\/jardim-secreto.jpg?fit=720%2C960&ssl=1","jetpack_sharing_enabled":true,"_links":{"self":[{"href":"https:\/\/wandilsonramalho.com.br\/blog\/index.php?rest_route=\/wp\/v2\/posts\/4546","targetHints":{"allow":["GET"]}}],"collection":[{"href":"https:\/\/wandilsonramalho.com.br\/blog\/index.php?rest_route=\/wp\/v2\/posts"}],"about":[{"href":"https:\/\/wandilsonramalho.com.br\/blog\/index.php?rest_route=\/wp\/v2\/types\/post"}],"author":[{"embeddable":true,"href":"https:\/\/wandilsonramalho.com.br\/blog\/index.php?rest_route=\/wp\/v2\/users\/2"}],"replies":[{"embeddable":true,"href":"https:\/\/wandilsonramalho.com.br\/blog\/index.php?rest_route=%2Fwp%2Fv2%2Fcomments&post=4546"}],"version-history":[{"count":1,"href":"https:\/\/wandilsonramalho.com.br\/blog\/index.php?rest_route=\/wp\/v2\/posts\/4546\/revisions"}],"predecessor-version":[{"id":4548,"href":"https:\/\/wandilsonramalho.com.br\/blog\/index.php?rest_route=\/wp\/v2\/posts\/4546\/revisions\/4548"}],"wp:featuredmedia":[{"embeddable":true,"href":"https:\/\/wandilsonramalho.com.br\/blog\/index.php?rest_route=\/wp\/v2\/media\/4547"}],"wp:attachment":[{"href":"https:\/\/wandilsonramalho.com.br\/blog\/index.php?rest_route=%2Fwp%2Fv2%2Fmedia&parent=4546"}],"wp:term":[{"taxonomy":"category","embeddable":true,"href":"https:\/\/wandilsonramalho.com.br\/blog\/index.php?rest_route=%2Fwp%2Fv2%2Fcategories&post=4546"},{"taxonomy":"post_tag","embeddable":true,"href":"https:\/\/wandilsonramalho.com.br\/blog\/index.php?rest_route=%2Fwp%2Fv2%2Ftags&post=4546"}],"curies":[{"name":"wp","href":"https:\/\/api.w.org\/{rel}","templated":true}]}}