{"id":4457,"date":"2020-06-02T06:13:58","date_gmt":"2020-06-02T09:13:58","guid":{"rendered":"https:\/\/wandilsonramalho.com.br\/blog\/?p=4457"},"modified":"2020-06-02T06:13:59","modified_gmt":"2020-06-02T09:13:59","slug":"paroquia-de-caraubas","status":"publish","type":"post","link":"https:\/\/wandilsonramalho.com.br\/blog\/?p=4457","title":{"rendered":"par\u00f3quia de cara\u00fabas"},"content":{"rendered":"\n<p>O padre  Dem\u00e9trio Junior , o di\u00e1cono\u00a0 Ikaro Dr\u00eaan e equipe fizeram um bonito trabalho neste m\u00eas mariano , com noven\u00e1rio\u00a0 e encerrando dia 31 domingo com a missa \u00e0s 8 horas e coroa\u00e7\u00e3o de Nossa Senhora . Miqu\u00e9ias Miz\u00e1 decorou o coro da Igreja\u00a0 e na janela do meio a Imagem de Nossa Senhora\u00a0 ficou exposta at\u00e9\u00a0 \u00e0s 18 horas para a popula\u00e7\u00e3o ver, rezar .<\/p>\n\n\n\n<p>Muitos passaram , pararam e rezaram ..<\/p>\n\n\n\n<p>Tempo de muita ora\u00e7\u00e3o .<\/p>\n","protected":false},"excerpt":{"rendered":"<p>O padre Dem\u00e9trio Junior , o di\u00e1cono\u00a0 Ikaro Dr\u00eaan e equipe fizeram um bonito trabalho neste m\u00eas mariano , com noven\u00e1rio\u00a0 e encerrando dia 31 domingo com a missa \u00e0s 8 horas e coroa\u00e7\u00e3o de Nossa Senhora . Miqu\u00e9ias Miz\u00e1 decorou o coro da Igreja\u00a0 e na janela do meio a Imagem de Nossa Senhora\u00a0 <a href=\"https:\/\/wandilsonramalho.com.br\/blog\/?p=4457\">&#8230;<\/a><\/p>\n","protected":false},"author":2,"featured_media":4458,"comment_status":"open","ping_status":"open","sticky":false,"template":"","format":"standard","meta":{"_jetpack_memberships_contains_paid_content":false,"footnotes":""},"categories":[30],"tags":[],"class_list":["post-4457","post","type-post","status-publish","format-standard","has-post-thumbnail","hentry","category-avisos"],"jetpack_featured_media_url":"https:\/\/i0.wp.com\/wandilsonramalho.com.br\/blog\/wp-content\/uploads\/2020\/06\/101906234_2748210775291135_2968322000721805312_n.jpg?fit=960%2C720&ssl=1","jetpack_sharing_enabled":true,"_links":{"self":[{"href":"https:\/\/wandilsonramalho.com.br\/blog\/index.php?rest_route=\/wp\/v2\/posts\/4457","targetHints":{"allow":["GET"]}}],"collection":[{"href":"https:\/\/wandilsonramalho.com.br\/blog\/index.php?rest_route=\/wp\/v2\/posts"}],"about":[{"href":"https:\/\/wandilsonramalho.com.br\/blog\/index.php?rest_route=\/wp\/v2\/types\/post"}],"author":[{"embeddable":true,"href":"https:\/\/wandilsonramalho.com.br\/blog\/index.php?rest_route=\/wp\/v2\/users\/2"}],"replies":[{"embeddable":true,"href":"https:\/\/wandilsonramalho.com.br\/blog\/index.php?rest_route=%2Fwp%2Fv2%2Fcomments&post=4457"}],"version-history":[{"count":1,"href":"https:\/\/wandilsonramalho.com.br\/blog\/index.php?rest_route=\/wp\/v2\/posts\/4457\/revisions"}],"predecessor-version":[{"id":4459,"href":"https:\/\/wandilsonramalho.com.br\/blog\/index.php?rest_route=\/wp\/v2\/posts\/4457\/revisions\/4459"}],"wp:featuredmedia":[{"embeddable":true,"href":"https:\/\/wandilsonramalho.com.br\/blog\/index.php?rest_route=\/wp\/v2\/media\/4458"}],"wp:attachment":[{"href":"https:\/\/wandilsonramalho.com.br\/blog\/index.php?rest_route=%2Fwp%2Fv2%2Fmedia&parent=4457"}],"wp:term":[{"taxonomy":"category","embeddable":true,"href":"https:\/\/wandilsonramalho.com.br\/blog\/index.php?rest_route=%2Fwp%2Fv2%2Fcategories&post=4457"},{"taxonomy":"post_tag","embeddable":true,"href":"https:\/\/wandilsonramalho.com.br\/blog\/index.php?rest_route=%2Fwp%2Fv2%2Ftags&post=4457"}],"curies":[{"name":"wp","href":"https:\/\/api.w.org\/{rel}","templated":true}]}}