{"id":4067,"date":"2020-05-24T00:17:00","date_gmt":"2020-05-24T03:17:00","guid":{"rendered":"https:\/\/wandilsonramalho.com.br\/blog\/?p=4067"},"modified":"2020-05-19T17:24:20","modified_gmt":"2020-05-19T20:24:20","slug":"momento-reflexao-3","status":"publish","type":"post","link":"https:\/\/wandilsonramalho.com.br\/blog\/?p=4067","title":{"rendered":"momento reflex\u00e3o !!"},"content":{"rendered":"\n<h2 class=\"wp-block-heading\"><em>A felicidade<\/em><\/h2>\n\n\n\n<blockquote class=\"wp-block-quote is-layout-flow wp-block-quote-is-layout-flow\"><p>Tristeza n\u00e3o tem fim<br>Felicidade sim\u2026<\/p><p>A felicidade \u00e9 como a pluma<br>Que o vento vai levando pelo ar<br>Voa t\u00e3o leve<br>Mas tem a vida breve<br>Precisa que haja vento sem parar.<\/p><p>A felicidade do pobre parece<br>A grande ilus\u00e3o do carnaval<br>A gente trabalha o ano inteiro<\/p><\/blockquote>\n\n\n\n<p>Por um momento de sonho<br>Pra fazer a fantasia<br>De rei, ou de pirata, ou da jardineira<br>E tudo se acabar na quarta-feira.<\/p>\n\n\n\n<p>Tristeza n\u00e3o tem fim<br>Felicidade sim\u2026<\/p>\n\n\n\n<p>A felicidade \u00e9 como a gota<br>De orvalho numa p\u00e9tala de flor<br>Brilha tranquila<br>Depois de leve oscila<br>E cai como uma l\u00e1grima de amor.<\/p>\n\n\n\n<p>A felicidade \u00e9 um coisa louca<br>Mas t\u00e3o delicada, tamb\u00e9m<br>Tem flores e amores de todas as cores<br>Tem ninhos de passarinhos<br>Tudo isso ela tem<br>E \u00e9 por ela ser assim t\u00e3o delicada<br>Que eu trato sempre dela muito bem<\/p>\n\n\n\n<blockquote class=\"wp-block-quote is-layout-flow wp-block-quote-is-layout-flow\"><p>Tristeza n\u00e3o tem fim<br>Felicidade sim\u2026<\/p><\/blockquote>\n\n\n\n<p>Vinicius de Moraes<\/p>\n\n\n\n<p>Imagem :Jardim   Secreto <\/p>\n\n\n\n\n","protected":false},"excerpt":{"rendered":"<p>A felicidade Tristeza n\u00e3o tem fimFelicidade sim\u2026 A felicidade \u00e9 como a plumaQue o vento vai levando pelo arVoa t\u00e3o leveMas tem a vida brevePrecisa que haja vento sem parar. A felicidade do pobre pareceA grande ilus\u00e3o do carnavalA gente trabalha o ano inteiro Por um momento de sonhoPra fazer a fantasiaDe rei, ou de <a href=\"https:\/\/wandilsonramalho.com.br\/blog\/?p=4067\">&#8230;<\/a><\/p>\n","protected":false},"author":2,"featured_media":4068,"comment_status":"open","ping_status":"open","sticky":false,"template":"","format":"standard","meta":{"_jetpack_memberships_contains_paid_content":false,"footnotes":""},"categories":[2],"tags":[],"class_list":["post-4067","post","type-post","status-publish","format-standard","has-post-thumbnail","hentry","category-mensagens"],"jetpack_featured_media_url":"https:\/\/i0.wp.com\/wandilsonramalho.com.br\/blog\/wp-content\/uploads\/2020\/05\/jardim-secreto-8.jpg?fit=960%2C664&ssl=1","jetpack_sharing_enabled":true,"_links":{"self":[{"href":"https:\/\/wandilsonramalho.com.br\/blog\/index.php?rest_route=\/wp\/v2\/posts\/4067","targetHints":{"allow":["GET"]}}],"collection":[{"href":"https:\/\/wandilsonramalho.com.br\/blog\/index.php?rest_route=\/wp\/v2\/posts"}],"about":[{"href":"https:\/\/wandilsonramalho.com.br\/blog\/index.php?rest_route=\/wp\/v2\/types\/post"}],"author":[{"embeddable":true,"href":"https:\/\/wandilsonramalho.com.br\/blog\/index.php?rest_route=\/wp\/v2\/users\/2"}],"replies":[{"embeddable":true,"href":"https:\/\/wandilsonramalho.com.br\/blog\/index.php?rest_route=%2Fwp%2Fv2%2Fcomments&post=4067"}],"version-history":[{"count":1,"href":"https:\/\/wandilsonramalho.com.br\/blog\/index.php?rest_route=\/wp\/v2\/posts\/4067\/revisions"}],"predecessor-version":[{"id":4069,"href":"https:\/\/wandilsonramalho.com.br\/blog\/index.php?rest_route=\/wp\/v2\/posts\/4067\/revisions\/4069"}],"wp:featuredmedia":[{"embeddable":true,"href":"https:\/\/wandilsonramalho.com.br\/blog\/index.php?rest_route=\/wp\/v2\/media\/4068"}],"wp:attachment":[{"href":"https:\/\/wandilsonramalho.com.br\/blog\/index.php?rest_route=%2Fwp%2Fv2%2Fmedia&parent=4067"}],"wp:term":[{"taxonomy":"category","embeddable":true,"href":"https:\/\/wandilsonramalho.com.br\/blog\/index.php?rest_route=%2Fwp%2Fv2%2Fcategories&post=4067"},{"taxonomy":"post_tag","embeddable":true,"href":"https:\/\/wandilsonramalho.com.br\/blog\/index.php?rest_route=%2Fwp%2Fv2%2Ftags&post=4067"}],"curies":[{"name":"wp","href":"https:\/\/api.w.org\/{rel}","templated":true}]}}