{"id":3978,"date":"2020-05-18T01:14:00","date_gmt":"2020-05-18T04:14:00","guid":{"rendered":"https:\/\/wandilsonramalho.com.br\/blog\/?p=3978"},"modified":"2020-05-17T17:24:02","modified_gmt":"2020-05-17T20:24:02","slug":"projeto-acordes-da-esperanca-abertura-com-o-cantor-daniel","status":"publish","type":"post","link":"https:\/\/wandilsonramalho.com.br\/blog\/?p=3978","title":{"rendered":"projeto Acordes da esperan\u00e7a ..abertura com o cantor daniel.."},"content":{"rendered":"\n<p>\u00d2 gl\u00f3ria !!<\/p>\n\n\n\n<p>Ontem, um domingo , para nosso prazer , um belo musical com o cantor Daniel na TV Aparecida \u00e0s 13 horas ..<br>Foi a primeira apresenta\u00e7\u00e3o do projeto \u201cAcordes da Esperan\u00e7a\u201d, que  a TV Aparecida  transmitiu do Santu\u00e1rio Nacional de Aparecida, no Vale do Para\u00edba (SP).<\/p>\n\n\n\n<p>O Santu\u00e1rio vazio ..<\/p>\n\n\n\n<p>S\u00f3 o  Cantou Daniel e o pianista e maestro Rodrigo Costa.<\/p>\n\n\n\n<p>Uma ilumina\u00e7\u00e3o que nos deixou num clima de ora\u00e7\u00e3o , para levar esperan\u00e7a aos brasileiros nesse dif\u00edcil momento da pandemia da Covid-19.<\/p>\n\n\n\n<p>O Santu\u00e1rio lindo , imponente !!<\/p>\n\n\n\n<p>Ele cantou musicas religiosas , e nos encantou ..<\/p>\n\n\n\n<p>\u201cOra\u00e7\u00e3o de S\u00e3o Francisco\u201d, \u201cRomaria\u201d e \u201cNingu\u00e9m Te Ama como Eu\u201d e Ninguem Explica Deus e outras ..<\/p>\n\n\n\n<p>Veja um trecho da m\u00fasica Ningu\u00e9m Explica Deus ..<\/p>\n\n\n\n<p>&#8220;E eu t\u00e3o pequeno e fr\u00e1gil querendo Sua aten\u00e7\u00e3o<br>No sil\u00eancio encontro resposta certa ent\u00e3o<br>Dono de toda ci\u00eancia, sabedoria e poder<br>Oh d\u00e1-me de beber da \u00e1gua da fonte da vida<br>Antes que o ar j\u00e1 houvesse Ele j\u00e1 era Deus<br>Se revelou ao seus do crente ao ateu<br>Ningu\u00e9m explica Deus<br>Oh oh ningu\u00e9m oh&#8221;.<\/p>\n\n\n\n<p>Um domingo ..isolados ..<\/p>\n\n\n\n<p>Obrigada Deus por este momento de ora\u00e7\u00e3o , momento de f\u00e9 ..<\/p>\n\n\n\n<p>Domingo ser\u00e1 com Padre Fabio de Melo \u00e0s 13 horas ..<\/p>\n\n\n\n<p>Foto: Jo\u00e3o Ribeiro ..<\/p>\n","protected":false},"excerpt":{"rendered":"<p>\u00d2 gl\u00f3ria !! Ontem, um domingo , para nosso prazer , um belo musical com o cantor Daniel na TV Aparecida \u00e0s 13 horas ..Foi a primeira apresenta\u00e7\u00e3o do projeto \u201cAcordes da Esperan\u00e7a\u201d, que a TV Aparecida transmitiu do Santu\u00e1rio Nacional de Aparecida, no Vale do Para\u00edba (SP). O Santu\u00e1rio vazio .. S\u00f3 o Cantou <a href=\"https:\/\/wandilsonramalho.com.br\/blog\/?p=3978\">&#8230;<\/a><\/p>\n","protected":false},"author":2,"featured_media":3980,"comment_status":"open","ping_status":"open","sticky":false,"template":"","format":"standard","meta":{"_jetpack_memberships_contains_paid_content":false,"footnotes":""},"categories":[38],"tags":[],"class_list":["post-3978","post","type-post","status-publish","format-standard","has-post-thumbnail","hentry","category-especiais"],"jetpack_featured_media_url":"https:\/\/i0.wp.com\/wandilsonramalho.com.br\/blog\/wp-content\/uploads\/2020\/05\/foto-jo%C3%A3o-riberito.jpg?fit=640%2C427&ssl=1","jetpack_sharing_enabled":true,"_links":{"self":[{"href":"https:\/\/wandilsonramalho.com.br\/blog\/index.php?rest_route=\/wp\/v2\/posts\/3978","targetHints":{"allow":["GET"]}}],"collection":[{"href":"https:\/\/wandilsonramalho.com.br\/blog\/index.php?rest_route=\/wp\/v2\/posts"}],"about":[{"href":"https:\/\/wandilsonramalho.com.br\/blog\/index.php?rest_route=\/wp\/v2\/types\/post"}],"author":[{"embeddable":true,"href":"https:\/\/wandilsonramalho.com.br\/blog\/index.php?rest_route=\/wp\/v2\/users\/2"}],"replies":[{"embeddable":true,"href":"https:\/\/wandilsonramalho.com.br\/blog\/index.php?rest_route=%2Fwp%2Fv2%2Fcomments&post=3978"}],"version-history":[{"count":3,"href":"https:\/\/wandilsonramalho.com.br\/blog\/index.php?rest_route=\/wp\/v2\/posts\/3978\/revisions"}],"predecessor-version":[{"id":3982,"href":"https:\/\/wandilsonramalho.com.br\/blog\/index.php?rest_route=\/wp\/v2\/posts\/3978\/revisions\/3982"}],"wp:featuredmedia":[{"embeddable":true,"href":"https:\/\/wandilsonramalho.com.br\/blog\/index.php?rest_route=\/wp\/v2\/media\/3980"}],"wp:attachment":[{"href":"https:\/\/wandilsonramalho.com.br\/blog\/index.php?rest_route=%2Fwp%2Fv2%2Fmedia&parent=3978"}],"wp:term":[{"taxonomy":"category","embeddable":true,"href":"https:\/\/wandilsonramalho.com.br\/blog\/index.php?rest_route=%2Fwp%2Fv2%2Fcategories&post=3978"},{"taxonomy":"post_tag","embeddable":true,"href":"https:\/\/wandilsonramalho.com.br\/blog\/index.php?rest_route=%2Fwp%2Fv2%2Ftags&post=3978"}],"curies":[{"name":"wp","href":"https:\/\/api.w.org\/{rel}","templated":true}]}}