{"id":3949,"date":"2020-05-17T01:22:00","date_gmt":"2020-05-17T04:22:00","guid":{"rendered":"https:\/\/wandilsonramalho.com.br\/blog\/?p=3949"},"modified":"2020-05-17T08:33:44","modified_gmt":"2020-05-17T11:33:44","slug":"miss-caraubas-gerciana","status":"publish","type":"post","link":"https:\/\/wandilsonramalho.com.br\/blog\/?p=3949","title":{"rendered":"mISS cARA\u00daBAS , GERCIANA"},"content":{"rendered":"\n<p>Gersiana Duarte Nogueira \u00e9 a nossa linda Miss Cara\u00fabas , na disputa pelo t\u00edtulo de Miss RN 2020 em Natal .<\/p>\n\n\n\n<p>Ela tem 23 anos e 1,80m,  iniciou sua carreira de modelo em 2014 quando venceu o concorrid\u00edssimo Tr\u00e1fego Look e logo  em seguida mudou-se para S\u00e3o Paulo\/SP onde atuou no Cast da Joymodel.<\/p>\n\n\n\n<p>Com a pandemia ainda n\u00e3o se sabe quando ser\u00e1 o concurso ..<\/p>\n\n\n\n<p>Por enquanto ela se cuida ..para representar nossa terrinha ..<\/p>\n","protected":false},"excerpt":{"rendered":"<p>Gersiana Duarte Nogueira \u00e9 a nossa linda Miss Cara\u00fabas , na disputa pelo t\u00edtulo de Miss RN 2020 em Natal . Ela tem 23 anos e 1,80m, iniciou sua carreira de modelo em 2014 quando venceu o concorrid\u00edssimo Tr\u00e1fego Look e logo em seguida mudou-se para S\u00e3o Paulo\/SP onde atuou no Cast da Joymodel. Com <a href=\"https:\/\/wandilsonramalho.com.br\/blog\/?p=3949\">&#8230;<\/a><\/p>\n","protected":false},"author":2,"featured_media":3969,"comment_status":"open","ping_status":"open","sticky":false,"template":"","format":"standard","meta":{"_jetpack_memberships_contains_paid_content":false,"footnotes":""},"categories":[18],"tags":[],"class_list":["post-3949","post","type-post","status-publish","format-standard","has-post-thumbnail","hentry","category-caraubas"],"jetpack_featured_media_url":"https:\/\/i0.wp.com\/wandilsonramalho.com.br\/blog\/wp-content\/uploads\/2020\/05\/84159238_196034238329540_7445351891672864956_n.jpg?fit=336%2C404&ssl=1","jetpack_sharing_enabled":true,"_links":{"self":[{"href":"https:\/\/wandilsonramalho.com.br\/blog\/index.php?rest_route=\/wp\/v2\/posts\/3949","targetHints":{"allow":["GET"]}}],"collection":[{"href":"https:\/\/wandilsonramalho.com.br\/blog\/index.php?rest_route=\/wp\/v2\/posts"}],"about":[{"href":"https:\/\/wandilsonramalho.com.br\/blog\/index.php?rest_route=\/wp\/v2\/types\/post"}],"author":[{"embeddable":true,"href":"https:\/\/wandilsonramalho.com.br\/blog\/index.php?rest_route=\/wp\/v2\/users\/2"}],"replies":[{"embeddable":true,"href":"https:\/\/wandilsonramalho.com.br\/blog\/index.php?rest_route=%2Fwp%2Fv2%2Fcomments&post=3949"}],"version-history":[{"count":4,"href":"https:\/\/wandilsonramalho.com.br\/blog\/index.php?rest_route=\/wp\/v2\/posts\/3949\/revisions"}],"predecessor-version":[{"id":3955,"href":"https:\/\/wandilsonramalho.com.br\/blog\/index.php?rest_route=\/wp\/v2\/posts\/3949\/revisions\/3955"}],"wp:featuredmedia":[{"embeddable":true,"href":"https:\/\/wandilsonramalho.com.br\/blog\/index.php?rest_route=\/wp\/v2\/media\/3969"}],"wp:attachment":[{"href":"https:\/\/wandilsonramalho.com.br\/blog\/index.php?rest_route=%2Fwp%2Fv2%2Fmedia&parent=3949"}],"wp:term":[{"taxonomy":"category","embeddable":true,"href":"https:\/\/wandilsonramalho.com.br\/blog\/index.php?rest_route=%2Fwp%2Fv2%2Fcategories&post=3949"},{"taxonomy":"post_tag","embeddable":true,"href":"https:\/\/wandilsonramalho.com.br\/blog\/index.php?rest_route=%2Fwp%2Fv2%2Ftags&post=3949"}],"curies":[{"name":"wp","href":"https:\/\/api.w.org\/{rel}","templated":true}]}}