{"id":3869,"date":"2020-05-14T00:41:00","date_gmt":"2020-05-14T03:41:00","guid":{"rendered":"https:\/\/wandilsonramalho.com.br\/blog\/?p=3869"},"modified":"2020-05-13T14:47:20","modified_gmt":"2020-05-13T17:47:20","slug":"14-de-maio-o-mundo-em-oracao-para-debelar-o-coronavirus","status":"publish","type":"post","link":"https:\/\/wandilsonramalho.com.br\/blog\/?p=3869","title":{"rendered":"14 de maio,  o mundo em ora\u00e7\u00e3o para debelar o coron\u00e1virus"},"content":{"rendered":"\n<p>No portal Vatican News esta reportagem ..<\/p>\n\n\n\n<p class=\"has-text-align-center\">&#8220;<strong><em>O  Alto Comit\u00ea para a Fraternidade Humana, presidido pelo cardeal Miguel Angel Ayuso Guixot, exorta os irm\u00e3os que creem em Deus Criador a dedicar neste dia 14 de maio um momento de recolhimento, para que o Alt\u00edssimo olhe para o mundo que enfrenta o grave perigo da Covid-19 e para que preserve a humanidade, ajude-a a superar a pandemia, restaure a seguran\u00e7a, a estabilidade, a sa\u00fade e a prosperidade, e torne nosso mundo, uma vez eliminada essa pandemia, mais humano e mais fraterno.&#8221;<\/em><\/strong><br><\/p>\n\n\n\n<p class=\"has-text-align-center\"><strong>O papa Francisco apoiou dizendo &#8220;o<em>s crentes de todas as religi\u00f5es se unam espiritualmente em um dia de ora\u00e7\u00e3o e jejum e obras de caridade, para implorar a Deus que ajude a humanidade a superar a pandemia do coronav\u00edrus<\/em>&#8220;.<\/strong><\/p>\n\n\n\n\n","protected":false},"excerpt":{"rendered":"<p>No portal Vatican News esta reportagem .. &#8220;O Alto Comit\u00ea para a Fraternidade Humana, presidido pelo cardeal Miguel Angel Ayuso Guixot, exorta os irm\u00e3os que creem em Deus Criador a dedicar neste dia 14 de maio um momento de recolhimento, para que o Alt\u00edssimo olhe para o mundo que enfrenta o grave perigo da Covid-19 <a href=\"https:\/\/wandilsonramalho.com.br\/blog\/?p=3869\">&#8230;<\/a><\/p>\n","protected":false},"author":2,"featured_media":3872,"comment_status":"open","ping_status":"open","sticky":false,"template":"","format":"standard","meta":{"_jetpack_memberships_contains_paid_content":false,"footnotes":""},"categories":[30],"tags":[],"class_list":["post-3869","post","type-post","status-publish","format-standard","has-post-thumbnail","hentry","category-avisos"],"jetpack_featured_media_url":"https:\/\/i0.wp.com\/wandilsonramalho.com.br\/blog\/wp-content\/uploads\/2020\/05\/COD.1054-CRUZ-COM-CRISTO-EM-BRONZE-GRANDE-PAREDE-50-CM-580x580-1.jpg?fit=580%2C580&ssl=1","jetpack_sharing_enabled":true,"_links":{"self":[{"href":"https:\/\/wandilsonramalho.com.br\/blog\/index.php?rest_route=\/wp\/v2\/posts\/3869","targetHints":{"allow":["GET"]}}],"collection":[{"href":"https:\/\/wandilsonramalho.com.br\/blog\/index.php?rest_route=\/wp\/v2\/posts"}],"about":[{"href":"https:\/\/wandilsonramalho.com.br\/blog\/index.php?rest_route=\/wp\/v2\/types\/post"}],"author":[{"embeddable":true,"href":"https:\/\/wandilsonramalho.com.br\/blog\/index.php?rest_route=\/wp\/v2\/users\/2"}],"replies":[{"embeddable":true,"href":"https:\/\/wandilsonramalho.com.br\/blog\/index.php?rest_route=%2Fwp%2Fv2%2Fcomments&post=3869"}],"version-history":[{"count":2,"href":"https:\/\/wandilsonramalho.com.br\/blog\/index.php?rest_route=\/wp\/v2\/posts\/3869\/revisions"}],"predecessor-version":[{"id":3871,"href":"https:\/\/wandilsonramalho.com.br\/blog\/index.php?rest_route=\/wp\/v2\/posts\/3869\/revisions\/3871"}],"wp:featuredmedia":[{"embeddable":true,"href":"https:\/\/wandilsonramalho.com.br\/blog\/index.php?rest_route=\/wp\/v2\/media\/3872"}],"wp:attachment":[{"href":"https:\/\/wandilsonramalho.com.br\/blog\/index.php?rest_route=%2Fwp%2Fv2%2Fmedia&parent=3869"}],"wp:term":[{"taxonomy":"category","embeddable":true,"href":"https:\/\/wandilsonramalho.com.br\/blog\/index.php?rest_route=%2Fwp%2Fv2%2Fcategories&post=3869"},{"taxonomy":"post_tag","embeddable":true,"href":"https:\/\/wandilsonramalho.com.br\/blog\/index.php?rest_route=%2Fwp%2Fv2%2Ftags&post=3869"}],"curies":[{"name":"wp","href":"https:\/\/api.w.org\/{rel}","templated":true}]}}