{"id":3823,"date":"2020-05-11T00:36:00","date_gmt":"2020-05-11T03:36:00","guid":{"rendered":"https:\/\/wandilsonramalho.com.br\/blog\/?p=3823"},"modified":"2020-05-10T14:41:04","modified_gmt":"2020-05-10T17:41:04","slug":"um-lugar-para-orar","status":"publish","type":"post","link":"https:\/\/wandilsonramalho.com.br\/blog\/?p=3823","title":{"rendered":"UM LUGAR PARA ORAR .."},"content":{"rendered":"\n<p><strong>Separando um lugar para ORAR.<\/strong><\/p>\n\n\n\n<p><strong>Se voc\u00ea n\u00e3o tem o costume de preparar um lugar, ent\u00e3o busque um.<\/strong><\/p>\n\n\n\n<p><strong>Quando olhamos para a vida de Jesus, vemos que ele mesmo separava um tempo para estar com o Pai. Jesus nos deixa o exemplo ideal de como se relacionar com Deus e isso fica claro em muitos momentos:<\/strong><\/p>\n\n\n\n<p><strong>\u201cEnt\u00e3o Jesus foi com seus disc\u00edpulos para um lugar chamado Gets\u00eamani e disse-lhes: \u201cSentem-se aqui enquanto vou ali orar\u201c.\u201d \u2013 Mateus 26:36<\/strong><\/p>\n\n\n\n<p><strong>\u201cDe madrugada, quando ainda estava escuro, Jesus levantou-se, saiu de casa e foi para um lugar deserto, onde ficou orando.\u201d \u2013 Marcos 1:35<\/strong><\/p>\n\n\n\n<p><strong>\u201cMas Jesus retirava-se para lugares solit\u00e1rios, e orava.\u201d \u2013 Lucas 5:16<\/strong><\/p>\n\n\n\n<p><strong>\u201cNum daqueles dias, Jesus saiu para o monte a fim de orar, e passou a noite orando a Deus.\u201d \u2013 Lucas 6:12<\/strong>.<\/p>\n\n\n\n<p><strong>\u201cCerta vez Jesus estava orando em particular, e com ele estavam os seus disc\u00edpulos; ent\u00e3o lhes perguntou: \u201cQuem as multid\u00f5es dizem que eu sou? \u201d \u2013 Lucas 9:18<\/strong><\/p>\n\n\n\n<p><strong>As coisas que acontecem quando estamos a s\u00f3s com Deus s\u00e3o preciosas.<\/strong><\/p>\n\n\n\n<p><strong>Separando um tempo para orar<\/strong><\/p>\n\n\n\n<p><strong>Daniela Teles<\/strong><\/p>\n","protected":false},"excerpt":{"rendered":"<p>Separando um lugar para ORAR. Se voc\u00ea n\u00e3o tem o costume de preparar um lugar, ent\u00e3o busque um. Quando olhamos para a vida de Jesus, vemos que ele mesmo separava um tempo para estar com o Pai. Jesus nos deixa o exemplo ideal de como se relacionar com Deus e isso fica claro em muitos <a href=\"https:\/\/wandilsonramalho.com.br\/blog\/?p=3823\">&#8230;<\/a><\/p>\n","protected":false},"author":2,"featured_media":3824,"comment_status":"open","ping_status":"open","sticky":false,"template":"","format":"standard","meta":{"_jetpack_memberships_contains_paid_content":false,"footnotes":""},"categories":[2],"tags":[],"class_list":["post-3823","post","type-post","status-publish","format-standard","has-post-thumbnail","hentry","category-mensagens"],"jetpack_featured_media_url":"https:\/\/i0.wp.com\/wandilsonramalho.com.br\/blog\/wp-content\/uploads\/2020\/05\/90746300_1692450590895113_4374360496611000320_n.jpg?fit=480%2C640&ssl=1","jetpack_sharing_enabled":true,"_links":{"self":[{"href":"https:\/\/wandilsonramalho.com.br\/blog\/index.php?rest_route=\/wp\/v2\/posts\/3823","targetHints":{"allow":["GET"]}}],"collection":[{"href":"https:\/\/wandilsonramalho.com.br\/blog\/index.php?rest_route=\/wp\/v2\/posts"}],"about":[{"href":"https:\/\/wandilsonramalho.com.br\/blog\/index.php?rest_route=\/wp\/v2\/types\/post"}],"author":[{"embeddable":true,"href":"https:\/\/wandilsonramalho.com.br\/blog\/index.php?rest_route=\/wp\/v2\/users\/2"}],"replies":[{"embeddable":true,"href":"https:\/\/wandilsonramalho.com.br\/blog\/index.php?rest_route=%2Fwp%2Fv2%2Fcomments&post=3823"}],"version-history":[{"count":1,"href":"https:\/\/wandilsonramalho.com.br\/blog\/index.php?rest_route=\/wp\/v2\/posts\/3823\/revisions"}],"predecessor-version":[{"id":3825,"href":"https:\/\/wandilsonramalho.com.br\/blog\/index.php?rest_route=\/wp\/v2\/posts\/3823\/revisions\/3825"}],"wp:featuredmedia":[{"embeddable":true,"href":"https:\/\/wandilsonramalho.com.br\/blog\/index.php?rest_route=\/wp\/v2\/media\/3824"}],"wp:attachment":[{"href":"https:\/\/wandilsonramalho.com.br\/blog\/index.php?rest_route=%2Fwp%2Fv2%2Fmedia&parent=3823"}],"wp:term":[{"taxonomy":"category","embeddable":true,"href":"https:\/\/wandilsonramalho.com.br\/blog\/index.php?rest_route=%2Fwp%2Fv2%2Fcategories&post=3823"},{"taxonomy":"post_tag","embeddable":true,"href":"https:\/\/wandilsonramalho.com.br\/blog\/index.php?rest_route=%2Fwp%2Fv2%2Ftags&post=3823"}],"curies":[{"name":"wp","href":"https:\/\/api.w.org\/{rel}","templated":true}]}}