{"id":3730,"date":"2020-05-09T01:37:00","date_gmt":"2020-05-09T04:37:00","guid":{"rendered":"https:\/\/wandilsonramalho.com.br\/blog\/?p=3730"},"modified":"2020-05-08T15:26:35","modified_gmt":"2020-05-08T18:26:35","slug":"parabens-padre-flavio-forte","status":"publish","type":"post","link":"https:\/\/wandilsonramalho.com.br\/blog\/?p=3730","title":{"rendered":"parab\u00e9ns, padre fl\u00e1vio forte"},"content":{"rendered":"\n<p>Hoje , quem merece cumprimentos pela idade nova \u00e9 o Padre Flavio Augusto Forte Melo vig\u00e1rio-geral da Diocese de Mossor\u00f3.<\/p>\n\n\n\n<p>Uma pessoa de luz , que conduz com maestria sua  miss\u00e3o na Diocese de Mossor\u00f3 .<\/p>\n\n\n\n<p>Parab\u00e9ns!!<\/p>\n","protected":false},"excerpt":{"rendered":"<p>Hoje , quem merece cumprimentos pela idade nova \u00e9 o Padre Flavio Augusto Forte Melo vig\u00e1rio-geral da Diocese de Mossor\u00f3. Uma pessoa de luz , que conduz com maestria sua miss\u00e3o na Diocese de Mossor\u00f3 . Parab\u00e9ns!! <a href=\"https:\/\/wandilsonramalho.com.br\/blog\/?p=3730\">&#8230;<\/a><\/p>\n","protected":false},"author":2,"featured_media":3731,"comment_status":"open","ping_status":"open","sticky":false,"template":"","format":"standard","meta":{"_jetpack_memberships_contains_paid_content":false,"footnotes":""},"categories":[22],"tags":[],"class_list":["post-3730","post","type-post","status-publish","format-standard","has-post-thumbnail","hentry","category-aniversariantes"],"jetpack_featured_media_url":"https:\/\/i0.wp.com\/wandilsonramalho.com.br\/blog\/wp-content\/uploads\/2020\/05\/74214166_3067041576655702_3067434323901677568_o.jpg?fit=960%2C640&ssl=1","jetpack_sharing_enabled":true,"_links":{"self":[{"href":"https:\/\/wandilsonramalho.com.br\/blog\/index.php?rest_route=\/wp\/v2\/posts\/3730","targetHints":{"allow":["GET"]}}],"collection":[{"href":"https:\/\/wandilsonramalho.com.br\/blog\/index.php?rest_route=\/wp\/v2\/posts"}],"about":[{"href":"https:\/\/wandilsonramalho.com.br\/blog\/index.php?rest_route=\/wp\/v2\/types\/post"}],"author":[{"embeddable":true,"href":"https:\/\/wandilsonramalho.com.br\/blog\/index.php?rest_route=\/wp\/v2\/users\/2"}],"replies":[{"embeddable":true,"href":"https:\/\/wandilsonramalho.com.br\/blog\/index.php?rest_route=%2Fwp%2Fv2%2Fcomments&post=3730"}],"version-history":[{"count":2,"href":"https:\/\/wandilsonramalho.com.br\/blog\/index.php?rest_route=\/wp\/v2\/posts\/3730\/revisions"}],"predecessor-version":[{"id":3733,"href":"https:\/\/wandilsonramalho.com.br\/blog\/index.php?rest_route=\/wp\/v2\/posts\/3730\/revisions\/3733"}],"wp:featuredmedia":[{"embeddable":true,"href":"https:\/\/wandilsonramalho.com.br\/blog\/index.php?rest_route=\/wp\/v2\/media\/3731"}],"wp:attachment":[{"href":"https:\/\/wandilsonramalho.com.br\/blog\/index.php?rest_route=%2Fwp%2Fv2%2Fmedia&parent=3730"}],"wp:term":[{"taxonomy":"category","embeddable":true,"href":"https:\/\/wandilsonramalho.com.br\/blog\/index.php?rest_route=%2Fwp%2Fv2%2Fcategories&post=3730"},{"taxonomy":"post_tag","embeddable":true,"href":"https:\/\/wandilsonramalho.com.br\/blog\/index.php?rest_route=%2Fwp%2Fv2%2Ftags&post=3730"}],"curies":[{"name":"wp","href":"https:\/\/api.w.org\/{rel}","templated":true}]}}