{"id":3648,"date":"2020-05-07T07:18:00","date_gmt":"2020-05-07T10:18:00","guid":{"rendered":"https:\/\/wandilsonramalho.com.br\/blog\/?p=3648"},"modified":"2020-05-07T07:18:09","modified_gmt":"2020-05-07T10:18:09","slug":"paroquia-de-caraubas-celebra-o-mes-mariano","status":"publish","type":"post","link":"https:\/\/wandilsonramalho.com.br\/blog\/?p=3648","title":{"rendered":"par\u00f3quia de cara\u00fabas celebra o mes mariano .."},"content":{"rendered":"\n<p>A PAR\u00d3QUIA DE CARA\u00daBAS celebra o m\u00eas de Maria ..\u00d3 gl\u00f3ria !!.<\/p>\n\n\n\n<p>Estarmos juntos em ora\u00e7\u00e3o , neste m\u00eas de isolamento , nossa par\u00f3quia conduz este momento de f\u00e9 a Nossa Senhora .<\/p>\n\n\n\n<p>Era tradi\u00e7\u00e3o celebrar o m\u00eas de Maria em nossa Par\u00f3quia..<\/p>\n\n\n\n<p>Mesmo n\u00e3o estando presente ..na Matriz , estamos juntos sim, pelo face da nossa Par\u00f3quia \u00e0s 19 horas ..em ora\u00e7\u00e3o .<\/p>\n\n\n\n<p>Vamos rezar ..\u00e9 tempo .. tempo dif\u00edcil de pandemia .. tempo de isolamento ..<br><\/p>\n","protected":false},"excerpt":{"rendered":"<p>A PAR\u00d3QUIA DE CARA\u00daBAS celebra o m\u00eas de Maria ..\u00d3 gl\u00f3ria !!. Estarmos juntos em ora\u00e7\u00e3o , neste m\u00eas de isolamento , nossa par\u00f3quia conduz este momento de f\u00e9 a Nossa Senhora . Era tradi\u00e7\u00e3o celebrar o m\u00eas de Maria em nossa Par\u00f3quia.. Mesmo n\u00e3o estando presente ..na Matriz , estamos juntos sim, pelo face <a href=\"https:\/\/wandilsonramalho.com.br\/blog\/?p=3648\">&#8230;<\/a><\/p>\n","protected":false},"author":2,"featured_media":3650,"comment_status":"open","ping_status":"open","sticky":false,"template":"","format":"standard","meta":{"_jetpack_memberships_contains_paid_content":false,"footnotes":""},"categories":[18],"tags":[],"class_list":["post-3648","post","type-post","status-publish","format-standard","has-post-thumbnail","hentry","category-caraubas"],"jetpack_featured_media_url":"https:\/\/i0.wp.com\/wandilsonramalho.com.br\/blog\/wp-content\/uploads\/2020\/05\/96235916_3085754868155275_1314516488022917120_o.jpg?fit=480%2C480&ssl=1","jetpack_sharing_enabled":true,"_links":{"self":[{"href":"https:\/\/wandilsonramalho.com.br\/blog\/index.php?rest_route=\/wp\/v2\/posts\/3648","targetHints":{"allow":["GET"]}}],"collection":[{"href":"https:\/\/wandilsonramalho.com.br\/blog\/index.php?rest_route=\/wp\/v2\/posts"}],"about":[{"href":"https:\/\/wandilsonramalho.com.br\/blog\/index.php?rest_route=\/wp\/v2\/types\/post"}],"author":[{"embeddable":true,"href":"https:\/\/wandilsonramalho.com.br\/blog\/index.php?rest_route=\/wp\/v2\/users\/2"}],"replies":[{"embeddable":true,"href":"https:\/\/wandilsonramalho.com.br\/blog\/index.php?rest_route=%2Fwp%2Fv2%2Fcomments&post=3648"}],"version-history":[{"count":1,"href":"https:\/\/wandilsonramalho.com.br\/blog\/index.php?rest_route=\/wp\/v2\/posts\/3648\/revisions"}],"predecessor-version":[{"id":3651,"href":"https:\/\/wandilsonramalho.com.br\/blog\/index.php?rest_route=\/wp\/v2\/posts\/3648\/revisions\/3651"}],"wp:featuredmedia":[{"embeddable":true,"href":"https:\/\/wandilsonramalho.com.br\/blog\/index.php?rest_route=\/wp\/v2\/media\/3650"}],"wp:attachment":[{"href":"https:\/\/wandilsonramalho.com.br\/blog\/index.php?rest_route=%2Fwp%2Fv2%2Fmedia&parent=3648"}],"wp:term":[{"taxonomy":"category","embeddable":true,"href":"https:\/\/wandilsonramalho.com.br\/blog\/index.php?rest_route=%2Fwp%2Fv2%2Fcategories&post=3648"},{"taxonomy":"post_tag","embeddable":true,"href":"https:\/\/wandilsonramalho.com.br\/blog\/index.php?rest_route=%2Fwp%2Fv2%2Ftags&post=3648"}],"curies":[{"name":"wp","href":"https:\/\/api.w.org\/{rel}","templated":true}]}}