{"id":3645,"date":"2020-05-07T01:44:00","date_gmt":"2020-05-07T04:44:00","guid":{"rendered":"https:\/\/wandilsonramalho.com.br\/blog\/?p=3645"},"modified":"2020-05-06T17:03:47","modified_gmt":"2020-05-06T20:03:47","slug":"padre-fred-gurgel-celebrando-o-mes-mariano","status":"publish","type":"post","link":"https:\/\/wandilsonramalho.com.br\/blog\/?p=3645","title":{"rendered":"Padre fred gurgel celebrando o m\u00eas mariano .."},"content":{"rendered":"\n<p>A PAR\u00d3QUIA DE S\u00c3O JO\u00c3O BATISTA \u2014 CUPIRA\/PE, neste m\u00eas mariano d<strong>edicado exclusivamente \u00e0 Maria, a m\u00e3e de Jesus Cristo<\/strong>, todos os dias rezando o ter\u00e7o \u00e1s 17 horas e \u00e1s 19 horas a santa missa ..com transmiss\u00e3o  pelo face e instagram ..<\/p>\n\n\n\n<p>O Padre Fred Gurgel preside os dois momentos ..<\/p>\n\n\n\n<p>T\u00e3o importante para todos n\u00f3s fazermos uma parada , acessar em ora\u00e7\u00e3o, fazer nossos pedidos ..vivenciar a f\u00e9 ..<\/p>\n\n\n\n<p>Neste tempo t\u00e3o dif\u00edcil em que muitos est\u00e3o isolados \u00e9 uma b\u00ean\u00e7\u00e3o ..rezar o ter\u00e7o , ficar em ora\u00e7\u00e3o no momento sublime que \u00e9 a eucaristia. <\/p>\n\n\n\n<p>Padre Fred ficamos orgulhosos e mesmo de longe ..estamos unidos em ora\u00e7\u00e3o .<\/p>\n","protected":false},"excerpt":{"rendered":"<p>A PAR\u00d3QUIA DE S\u00c3O JO\u00c3O BATISTA \u2014 CUPIRA\/PE, neste m\u00eas mariano dedicado exclusivamente \u00e0 Maria, a m\u00e3e de Jesus Cristo, todos os dias rezando o ter\u00e7o \u00e1s 17 horas e \u00e1s 19 horas a santa missa ..com transmiss\u00e3o pelo face e instagram .. O Padre Fred Gurgel preside os dois momentos .. T\u00e3o importante para <a href=\"https:\/\/wandilsonramalho.com.br\/blog\/?p=3645\">&#8230;<\/a><\/p>\n","protected":false},"author":2,"featured_media":3646,"comment_status":"open","ping_status":"open","sticky":false,"template":"","format":"standard","meta":{"_jetpack_memberships_contains_paid_content":false,"footnotes":""},"categories":[30],"tags":[],"class_list":["post-3645","post","type-post","status-publish","format-standard","has-post-thumbnail","hentry","category-avisos"],"jetpack_featured_media_url":"https:\/\/i0.wp.com\/wandilsonramalho.com.br\/blog\/wp-content\/uploads\/2020\/05\/95579657_1523056591185796_6050785106681921536_n.jpg?fit=697%2C698&ssl=1","jetpack_sharing_enabled":true,"_links":{"self":[{"href":"https:\/\/wandilsonramalho.com.br\/blog\/index.php?rest_route=\/wp\/v2\/posts\/3645","targetHints":{"allow":["GET"]}}],"collection":[{"href":"https:\/\/wandilsonramalho.com.br\/blog\/index.php?rest_route=\/wp\/v2\/posts"}],"about":[{"href":"https:\/\/wandilsonramalho.com.br\/blog\/index.php?rest_route=\/wp\/v2\/types\/post"}],"author":[{"embeddable":true,"href":"https:\/\/wandilsonramalho.com.br\/blog\/index.php?rest_route=\/wp\/v2\/users\/2"}],"replies":[{"embeddable":true,"href":"https:\/\/wandilsonramalho.com.br\/blog\/index.php?rest_route=%2Fwp%2Fv2%2Fcomments&post=3645"}],"version-history":[{"count":1,"href":"https:\/\/wandilsonramalho.com.br\/blog\/index.php?rest_route=\/wp\/v2\/posts\/3645\/revisions"}],"predecessor-version":[{"id":3647,"href":"https:\/\/wandilsonramalho.com.br\/blog\/index.php?rest_route=\/wp\/v2\/posts\/3645\/revisions\/3647"}],"wp:featuredmedia":[{"embeddable":true,"href":"https:\/\/wandilsonramalho.com.br\/blog\/index.php?rest_route=\/wp\/v2\/media\/3646"}],"wp:attachment":[{"href":"https:\/\/wandilsonramalho.com.br\/blog\/index.php?rest_route=%2Fwp%2Fv2%2Fmedia&parent=3645"}],"wp:term":[{"taxonomy":"category","embeddable":true,"href":"https:\/\/wandilsonramalho.com.br\/blog\/index.php?rest_route=%2Fwp%2Fv2%2Fcategories&post=3645"},{"taxonomy":"post_tag","embeddable":true,"href":"https:\/\/wandilsonramalho.com.br\/blog\/index.php?rest_route=%2Fwp%2Fv2%2Ftags&post=3645"}],"curies":[{"name":"wp","href":"https:\/\/api.w.org\/{rel}","templated":true}]}}