{"id":3405,"date":"2020-04-28T01:02:00","date_gmt":"2020-04-28T04:02:00","guid":{"rendered":"https:\/\/wandilsonramalho.com.br\/blog\/?p=3405"},"modified":"2020-04-27T16:05:19","modified_gmt":"2020-04-27T19:05:19","slug":"joao-gomes-celebra-nove-anos-de-radio","status":"publish","type":"post","link":"https:\/\/wandilsonramalho.com.br\/blog\/?p=3405","title":{"rendered":"jo\u00e3o gomes celebra nove anos de r\u00e1dio .."},"content":{"rendered":"\n<p><strong>O radialista ,Jo\u00e3o Gomes celebrando 9 anos de hist\u00f3ria no mundo do r\u00e1dio com o Programa Sociedade em Foco na r\u00e1dio top Lideran\u00e7a FM. <\/strong><\/p>\n\n\n\n<p><strong>Jo\u00e3o Gomes comanda no hor\u00e1rio\u00a0 nobre do hor\u00e1rio do meio dia (hora de almo\u00e7o) com variadas reportagens, com entrevistas, informa\u00e7\u00f5es , participa\u00e7\u00e3o popular, presta\u00e7\u00e3o de servi\u00e7os .<\/strong><\/p>\n\n\n\n<p><strong>Parab\u00e9ns e sucesso<\/strong>.<\/p>\n","protected":false},"excerpt":{"rendered":"<p>O radialista ,Jo\u00e3o Gomes celebrando 9 anos de hist\u00f3ria no mundo do r\u00e1dio com o Programa Sociedade em Foco na r\u00e1dio top Lideran\u00e7a FM. Jo\u00e3o Gomes comanda no hor\u00e1rio\u00a0 nobre do hor\u00e1rio do meio dia (hora de almo\u00e7o) com variadas reportagens, com entrevistas, informa\u00e7\u00f5es , participa\u00e7\u00e3o popular, presta\u00e7\u00e3o de servi\u00e7os . Parab\u00e9ns e sucesso. <a href=\"https:\/\/wandilsonramalho.com.br\/blog\/?p=3405\">&#8230;<\/a><\/p>\n","protected":false},"author":2,"featured_media":3407,"comment_status":"open","ping_status":"open","sticky":false,"template":"","format":"standard","meta":{"_jetpack_memberships_contains_paid_content":false,"footnotes":""},"categories":[18],"tags":[],"class_list":["post-3405","post","type-post","status-publish","format-standard","has-post-thumbnail","hentry","category-caraubas"],"jetpack_featured_media_url":"https:\/\/i0.wp.com\/wandilsonramalho.com.br\/blog\/wp-content\/uploads\/2020\/04\/94440203_2931977440216952_2404773844255506432_o-1.jpg?fit=480%2C480&ssl=1","jetpack_sharing_enabled":true,"_links":{"self":[{"href":"https:\/\/wandilsonramalho.com.br\/blog\/index.php?rest_route=\/wp\/v2\/posts\/3405","targetHints":{"allow":["GET"]}}],"collection":[{"href":"https:\/\/wandilsonramalho.com.br\/blog\/index.php?rest_route=\/wp\/v2\/posts"}],"about":[{"href":"https:\/\/wandilsonramalho.com.br\/blog\/index.php?rest_route=\/wp\/v2\/types\/post"}],"author":[{"embeddable":true,"href":"https:\/\/wandilsonramalho.com.br\/blog\/index.php?rest_route=\/wp\/v2\/users\/2"}],"replies":[{"embeddable":true,"href":"https:\/\/wandilsonramalho.com.br\/blog\/index.php?rest_route=%2Fwp%2Fv2%2Fcomments&post=3405"}],"version-history":[{"count":1,"href":"https:\/\/wandilsonramalho.com.br\/blog\/index.php?rest_route=\/wp\/v2\/posts\/3405\/revisions"}],"predecessor-version":[{"id":3408,"href":"https:\/\/wandilsonramalho.com.br\/blog\/index.php?rest_route=\/wp\/v2\/posts\/3405\/revisions\/3408"}],"wp:featuredmedia":[{"embeddable":true,"href":"https:\/\/wandilsonramalho.com.br\/blog\/index.php?rest_route=\/wp\/v2\/media\/3407"}],"wp:attachment":[{"href":"https:\/\/wandilsonramalho.com.br\/blog\/index.php?rest_route=%2Fwp%2Fv2%2Fmedia&parent=3405"}],"wp:term":[{"taxonomy":"category","embeddable":true,"href":"https:\/\/wandilsonramalho.com.br\/blog\/index.php?rest_route=%2Fwp%2Fv2%2Fcategories&post=3405"},{"taxonomy":"post_tag","embeddable":true,"href":"https:\/\/wandilsonramalho.com.br\/blog\/index.php?rest_route=%2Fwp%2Fv2%2Ftags&post=3405"}],"curies":[{"name":"wp","href":"https:\/\/api.w.org\/{rel}","templated":true}]}}