{"id":3246,"date":"2020-04-21T07:42:00","date_gmt":"2020-04-21T10:42:00","guid":{"rendered":"https:\/\/wandilsonramalho.com.br\/blog\/?p=3246"},"modified":"2020-04-21T07:45:27","modified_gmt":"2020-04-21T10:45:27","slug":"aplausos-para-dr-marcelo-duarte-e-o-filho-eduardo","status":"publish","type":"post","link":"https:\/\/wandilsonramalho.com.br\/blog\/?p=3246","title":{"rendered":"aplausos para dr marcelo duarte e o filho eduardo !!"},"content":{"rendered":"\n<p>O ano de 2020 come\u00e7ou muito bem para a fam\u00edlia linda de  dr Marcelo Duarte, dra Daniela Rosado (nossa ju\u00edza da terra das caraubeiras ), e os filhos&nbsp; Eduardo e&nbsp; Rafael.<\/p>\n\n\n\n<p>Vamos l\u00e1,&nbsp; Marcelo odont\u00f3logo e&nbsp; j\u00e1 ostenta o diploma do curso de medicina, o t\u00e3o sonhado diploma e agora o filho Eduardo Rosado Duarte teve seu artigo intitulado \u201cCovid-19: proteja-se \u201cpublicado no site da Funda\u00e7\u00e3o Vingt-un Rosado.<\/p>\n\n\n\n<p>Eduardo tem 13 anos faz o 8\u00ba ano no col\u00e9gio Diocesano Santa Luzia e j\u00e1 demonstra tra\u00e7os que seguem do seu bisav\u00f4 : gostar de leitura e escrever bem . <\/p>\n\n\n\n<p>Eduardo,&nbsp; o bisneto &nbsp;de Vingt-un Rosado brilhando .<\/p>\n\n\n\n<p> Aplausos.. toda a fam\u00edlia que est\u00e1 orgulhosa .<\/p>\n","protected":false},"excerpt":{"rendered":"<p>O ano de 2020 come\u00e7ou muito bem para a fam\u00edlia linda de dr Marcelo Duarte, dra Daniela Rosado (nossa ju\u00edza da terra das caraubeiras ), e os filhos&nbsp; Eduardo e&nbsp; Rafael. Vamos l\u00e1,&nbsp; Marcelo odont\u00f3logo e&nbsp; j\u00e1 ostenta o diploma do curso de medicina, o t\u00e3o sonhado diploma e agora o filho Eduardo Rosado Duarte <a href=\"https:\/\/wandilsonramalho.com.br\/blog\/?p=3246\">&#8230;<\/a><\/p>\n","protected":false},"author":2,"featured_media":3285,"comment_status":"open","ping_status":"open","sticky":false,"template":"","format":"standard","meta":{"_jetpack_memberships_contains_paid_content":false,"footnotes":""},"categories":[29],"tags":[],"class_list":["post-3246","post","type-post","status-publish","format-standard","has-post-thumbnail","hentry","category-gente-chique"],"jetpack_featured_media_url":"https:\/\/i0.wp.com\/wandilsonramalho.com.br\/blog\/wp-content\/uploads\/2020\/04\/f01-daniela-rosado-3.jpg?fit=480%2C361&ssl=1","jetpack_sharing_enabled":true,"_links":{"self":[{"href":"https:\/\/wandilsonramalho.com.br\/blog\/index.php?rest_route=\/wp\/v2\/posts\/3246","targetHints":{"allow":["GET"]}}],"collection":[{"href":"https:\/\/wandilsonramalho.com.br\/blog\/index.php?rest_route=\/wp\/v2\/posts"}],"about":[{"href":"https:\/\/wandilsonramalho.com.br\/blog\/index.php?rest_route=\/wp\/v2\/types\/post"}],"author":[{"embeddable":true,"href":"https:\/\/wandilsonramalho.com.br\/blog\/index.php?rest_route=\/wp\/v2\/users\/2"}],"replies":[{"embeddable":true,"href":"https:\/\/wandilsonramalho.com.br\/blog\/index.php?rest_route=%2Fwp%2Fv2%2Fcomments&post=3246"}],"version-history":[{"count":3,"href":"https:\/\/wandilsonramalho.com.br\/blog\/index.php?rest_route=\/wp\/v2\/posts\/3246\/revisions"}],"predecessor-version":[{"id":3284,"href":"https:\/\/wandilsonramalho.com.br\/blog\/index.php?rest_route=\/wp\/v2\/posts\/3246\/revisions\/3284"}],"wp:featuredmedia":[{"embeddable":true,"href":"https:\/\/wandilsonramalho.com.br\/blog\/index.php?rest_route=\/wp\/v2\/media\/3285"}],"wp:attachment":[{"href":"https:\/\/wandilsonramalho.com.br\/blog\/index.php?rest_route=%2Fwp%2Fv2%2Fmedia&parent=3246"}],"wp:term":[{"taxonomy":"category","embeddable":true,"href":"https:\/\/wandilsonramalho.com.br\/blog\/index.php?rest_route=%2Fwp%2Fv2%2Fcategories&post=3246"},{"taxonomy":"post_tag","embeddable":true,"href":"https:\/\/wandilsonramalho.com.br\/blog\/index.php?rest_route=%2Fwp%2Fv2%2Ftags&post=3246"}],"curies":[{"name":"wp","href":"https:\/\/api.w.org\/{rel}","templated":true}]}}