{"id":3213,"date":"2020-04-18T02:21:00","date_gmt":"2020-04-18T05:21:00","guid":{"rendered":"https:\/\/wandilsonramalho.com.br\/blog\/?p=3213"},"modified":"2020-04-17T16:37:39","modified_gmt":"2020-04-17T19:37:39","slug":"live-de-roberto-carlos-amanha-show-show","status":"publish","type":"post","link":"https:\/\/wandilsonramalho.com.br\/blog\/?p=3213","title":{"rendered":"Live de Roberto Carlos amanh\u00e3 ..show!! show!!"},"content":{"rendered":"\n<p>O  Rei Roberto Carlos bateu o martelo e ,  far\u00e1 uma live amanh\u00e3  dia 19, dia  do seu anivers\u00e1rio quando celebra seus  79 anos. <\/p>\n\n\n\n<p>A transmiss\u00e3o acontece  ao vivo  \u00e0s 19h45 em seu canal no YouTube e as duas primeiras m\u00fasicas tamb\u00e9m ser\u00e3o transmitidas simultaneamente pela TV Globo.<\/p>\n\n\n\n<p>Em tempo de Covid-19, Roberto quer evitar aglomera\u00e7\u00f5es ..<\/p>\n\n\n\n<p>Ele promete muitas emo\u00e7\u00f5es ..nos 45 minutos de show !!<\/p>\n\n\n\n<p>Ele se preocupa com os detalhes(pois ele \u00e9 do grupo de risco da  Covid-19. ..ah, ser\u00e1 que ele vai emocionar os f\u00e3s cantando- DETALHES ..<\/p>\n","protected":false},"excerpt":{"rendered":"<p>O Rei Roberto Carlos bateu o martelo e , far\u00e1 uma live amanh\u00e3 dia 19, dia do seu anivers\u00e1rio quando celebra seus 79 anos. A transmiss\u00e3o acontece ao vivo \u00e0s 19h45 em seu canal no YouTube e as duas primeiras m\u00fasicas tamb\u00e9m ser\u00e3o transmitidas simultaneamente pela TV Globo. Em tempo de Covid-19, Roberto quer evitar <a href=\"https:\/\/wandilsonramalho.com.br\/blog\/?p=3213\">&#8230;<\/a><\/p>\n","protected":false},"author":2,"featured_media":3214,"comment_status":"open","ping_status":"open","sticky":false,"template":"","format":"standard","meta":{"_jetpack_memberships_contains_paid_content":false,"footnotes":""},"categories":[29],"tags":[],"class_list":["post-3213","post","type-post","status-publish","format-standard","has-post-thumbnail","hentry","category-gente-chique"],"jetpack_featured_media_url":"https:\/\/i0.wp.com\/wandilsonramalho.com.br\/blog\/wp-content\/uploads\/2020\/04\/xroberto-2.jpg.pagespeed.ic_.AZnmc9f9k_.jpg?fit=1086%2C652&ssl=1","jetpack_sharing_enabled":true,"_links":{"self":[{"href":"https:\/\/wandilsonramalho.com.br\/blog\/index.php?rest_route=\/wp\/v2\/posts\/3213","targetHints":{"allow":["GET"]}}],"collection":[{"href":"https:\/\/wandilsonramalho.com.br\/blog\/index.php?rest_route=\/wp\/v2\/posts"}],"about":[{"href":"https:\/\/wandilsonramalho.com.br\/blog\/index.php?rest_route=\/wp\/v2\/types\/post"}],"author":[{"embeddable":true,"href":"https:\/\/wandilsonramalho.com.br\/blog\/index.php?rest_route=\/wp\/v2\/users\/2"}],"replies":[{"embeddable":true,"href":"https:\/\/wandilsonramalho.com.br\/blog\/index.php?rest_route=%2Fwp%2Fv2%2Fcomments&post=3213"}],"version-history":[{"count":1,"href":"https:\/\/wandilsonramalho.com.br\/blog\/index.php?rest_route=\/wp\/v2\/posts\/3213\/revisions"}],"predecessor-version":[{"id":3215,"href":"https:\/\/wandilsonramalho.com.br\/blog\/index.php?rest_route=\/wp\/v2\/posts\/3213\/revisions\/3215"}],"wp:featuredmedia":[{"embeddable":true,"href":"https:\/\/wandilsonramalho.com.br\/blog\/index.php?rest_route=\/wp\/v2\/media\/3214"}],"wp:attachment":[{"href":"https:\/\/wandilsonramalho.com.br\/blog\/index.php?rest_route=%2Fwp%2Fv2%2Fmedia&parent=3213"}],"wp:term":[{"taxonomy":"category","embeddable":true,"href":"https:\/\/wandilsonramalho.com.br\/blog\/index.php?rest_route=%2Fwp%2Fv2%2Fcategories&post=3213"},{"taxonomy":"post_tag","embeddable":true,"href":"https:\/\/wandilsonramalho.com.br\/blog\/index.php?rest_route=%2Fwp%2Fv2%2Ftags&post=3213"}],"curies":[{"name":"wp","href":"https:\/\/api.w.org\/{rel}","templated":true}]}}