{"id":3172,"date":"2020-04-16T01:15:00","date_gmt":"2020-04-16T04:15:00","guid":{"rendered":"https:\/\/wandilsonramalho.com.br\/blog\/?p=3172"},"modified":"2020-04-16T07:36:16","modified_gmt":"2020-04-16T10:36:16","slug":"padre-fred-gurgel-o-bom-pastor","status":"publish","type":"post","link":"https:\/\/wandilsonramalho.com.br\/blog\/?p=3172","title":{"rendered":"padre fred gurgel, o bom pastor .."},"content":{"rendered":"\n<p>Entre as programa\u00e7\u00f5es religiosas tanto na Semana Santa e neste tempo de Pandemia , a Par\u00f3quia de S\u00e3o Jo\u00e3o Batista \u2013Curupira \u2013PE na Diocese de Palmares , o Padre Fred Gurgel em cena , rezando em missas , adora\u00e7\u00e3o ao Santissimo Sacramento transmitindo para todo o mundo os louvores de Deus . <\/p>\n\n\n\n<p>Padre Fred longe do seu povo ..cumprindo sua miss\u00e3o ..ele que encontrou em Cristo a fonte da sua pr\u00f3pria identidade.<\/p>\n\n\n\n<p>O Santo Cura d\u00b4Ars, disse que &#8220;o sacerdote n\u00e3o existe para si mesmo, mas para os outros.&#8221;<\/p>\n\n\n\n<p>O seu minist\u00e9rio \u00e9 como diz Santo Agostinho, amoris officium (In Iohannis Evangelium Tractatus, 123,5), \u00e9 o of\u00edcio do bom pastor, que oferece a sua vida pelas ovelhas (cf. Jo 10,14-15).<\/p>\n\n\n\n<p> Um momento glorioso foi quando o padre Fred saiu do Semin\u00e1rio S\u00e3o Jo\u00e3o Batista onde ele \u00e9 reitor , com o Santissimo percorrendo as ruas da cidade ..dando alento a tantos que sofrem ..a tantos que desejariam pedir a Deus as b\u00ean\u00e7\u00e3os neste tempo de quarentena .<\/p>\n\n\n\n<p>\u00d3 gl\u00f3ria !!<\/p>\n\n\n\n<p>Daqui tamb\u00e9m estamos seguindo sua miss\u00e3o ..<\/p>\n\n\n\n\n","protected":false},"excerpt":{"rendered":"<p>Entre as programa\u00e7\u00f5es religiosas tanto na Semana Santa e neste tempo de Pandemia , a Par\u00f3quia de S\u00e3o Jo\u00e3o Batista \u2013Curupira \u2013PE na Diocese de Palmares , o Padre Fred Gurgel em cena , rezando em missas , adora\u00e7\u00e3o ao Santissimo Sacramento transmitindo para todo o mundo os louvores de Deus . Padre Fred longe <a href=\"https:\/\/wandilsonramalho.com.br\/blog\/?p=3172\">&#8230;<\/a><\/p>\n","protected":false},"author":2,"featured_media":3173,"comment_status":"open","ping_status":"open","sticky":false,"template":"","format":"standard","meta":{"_jetpack_memberships_contains_paid_content":false,"footnotes":""},"categories":[29],"tags":[],"class_list":["post-3172","post","type-post","status-publish","format-standard","has-post-thumbnail","hentry","category-gente-chique"],"jetpack_featured_media_url":"https:\/\/i0.wp.com\/wandilsonramalho.com.br\/blog\/wp-content\/uploads\/2020\/04\/pe-dfed.jpg?fit=720%2C719&ssl=1","jetpack_sharing_enabled":true,"_links":{"self":[{"href":"https:\/\/wandilsonramalho.com.br\/blog\/index.php?rest_route=\/wp\/v2\/posts\/3172","targetHints":{"allow":["GET"]}}],"collection":[{"href":"https:\/\/wandilsonramalho.com.br\/blog\/index.php?rest_route=\/wp\/v2\/posts"}],"about":[{"href":"https:\/\/wandilsonramalho.com.br\/blog\/index.php?rest_route=\/wp\/v2\/types\/post"}],"author":[{"embeddable":true,"href":"https:\/\/wandilsonramalho.com.br\/blog\/index.php?rest_route=\/wp\/v2\/users\/2"}],"replies":[{"embeddable":true,"href":"https:\/\/wandilsonramalho.com.br\/blog\/index.php?rest_route=%2Fwp%2Fv2%2Fcomments&post=3172"}],"version-history":[{"count":2,"href":"https:\/\/wandilsonramalho.com.br\/blog\/index.php?rest_route=\/wp\/v2\/posts\/3172\/revisions"}],"predecessor-version":[{"id":3179,"href":"https:\/\/wandilsonramalho.com.br\/blog\/index.php?rest_route=\/wp\/v2\/posts\/3172\/revisions\/3179"}],"wp:featuredmedia":[{"embeddable":true,"href":"https:\/\/wandilsonramalho.com.br\/blog\/index.php?rest_route=\/wp\/v2\/media\/3173"}],"wp:attachment":[{"href":"https:\/\/wandilsonramalho.com.br\/blog\/index.php?rest_route=%2Fwp%2Fv2%2Fmedia&parent=3172"}],"wp:term":[{"taxonomy":"category","embeddable":true,"href":"https:\/\/wandilsonramalho.com.br\/blog\/index.php?rest_route=%2Fwp%2Fv2%2Fcategories&post=3172"},{"taxonomy":"post_tag","embeddable":true,"href":"https:\/\/wandilsonramalho.com.br\/blog\/index.php?rest_route=%2Fwp%2Fv2%2Ftags&post=3172"}],"curies":[{"name":"wp","href":"https:\/\/api.w.org\/{rel}","templated":true}]}}