{"id":3109,"date":"2020-04-17T01:36:00","date_gmt":"2020-04-17T04:36:00","guid":{"rendered":"https:\/\/wandilsonramalho.com.br\/blog\/?p=3109"},"modified":"2020-04-17T16:05:16","modified_gmt":"2020-04-17T19:05:16","slug":"inspiracao-a-fotografia-da-semana","status":"publish","type":"post","link":"https:\/\/wandilsonramalho.com.br\/blog\/?p=3109","title":{"rendered":"inspira\u00e7\u00e3o :a fotografia da semana"},"content":{"rendered":"\n<p>A fotografia ..eterniza momentos especiais.<\/p>\n\n\n\n<p>Como disse Sebasti\u00e3o Salgado -A fotografia n\u00e3o \u00e9 feita pelo fot\u00f3grafo. A foto sai melhor ou pior de acordo com a rela\u00e7\u00e3o entre o fot\u00f3grafo e a pessoa que fotografa.<\/p>\n\n\n\n<p>Ent\u00e3o, olhe , sinta e repita ..<\/p>\n\n\n\n<p>Um bom fot\u00f3grafo , cria , capta os melhores \u00e2ngulos ..Faz acontecer.<br>Eu adoro , UMA FOTOGRAFIA ..aquela!!<\/p>\n\n\n\n<p>Aquela fotografia que mistura tudo , beleza, bom gosto, ousadia , delicadeza..sensibilidade , emo\u00e7\u00e3o.<\/p>\n\n\n\n<p>E vamos l\u00e1 ..a partir de hoje irei colocar a cada 8 dias, uma fotografia que me chamou a aten\u00e7\u00e3o , pelo todo ..<\/p>\n\n\n\n<p>N\u00e3o tem nome, nem lugar ,agora quando  a foto for de uma crian\u00e7a , claro que coloco os nomes dos pais. <\/p>\n\n\n\n<p>Fotografar \u00e9 colocar na mesma linha de mira: a cabe\u00e7a, o olho e o cora\u00e7\u00e3o.<strong><a href=\"http:\/\/en.wikipedia.org\/wiki\/Henri_Cartier-Bresson\">Henri Cartier-Bresson<\/a>,<\/strong> <\/p>\n\n\n\n<p>Essa foto n\u00e3o precisa de legenda ..<br><\/p>\n\n\n\n<p>Cr\u00e9dito Vantican News ..<\/p>\n\n\n\n\n\n\n\n\n\n\n\n\n","protected":false},"excerpt":{"rendered":"<p>A fotografia ..eterniza momentos especiais. Como disse Sebasti\u00e3o Salgado -A fotografia n\u00e3o \u00e9 feita pelo fot\u00f3grafo. A foto sai melhor ou pior de acordo com a rela\u00e7\u00e3o entre o fot\u00f3grafo e a pessoa que fotografa. Ent\u00e3o, olhe , sinta e repita .. Um bom fot\u00f3grafo , cria , capta os melhores \u00e2ngulos ..Faz acontecer.Eu adoro <a href=\"https:\/\/wandilsonramalho.com.br\/blog\/?p=3109\">&#8230;<\/a><\/p>\n","protected":false},"author":2,"featured_media":3209,"comment_status":"open","ping_status":"open","sticky":false,"template":"","format":"standard","meta":{"_jetpack_memberships_contains_paid_content":false,"footnotes":""},"categories":[29],"tags":[],"class_list":["post-3109","post","type-post","status-publish","format-standard","has-post-thumbnail","hentry","category-gente-chique"],"jetpack_featured_media_url":"https:\/\/i0.wp.com\/wandilsonramalho.com.br\/blog\/wp-content\/uploads\/2020\/04\/cq5dam.thumbnail.cropped.1000.563.jpeg?fit=800%2C450&ssl=1","jetpack_sharing_enabled":true,"_links":{"self":[{"href":"https:\/\/wandilsonramalho.com.br\/blog\/index.php?rest_route=\/wp\/v2\/posts\/3109","targetHints":{"allow":["GET"]}}],"collection":[{"href":"https:\/\/wandilsonramalho.com.br\/blog\/index.php?rest_route=\/wp\/v2\/posts"}],"about":[{"href":"https:\/\/wandilsonramalho.com.br\/blog\/index.php?rest_route=\/wp\/v2\/types\/post"}],"author":[{"embeddable":true,"href":"https:\/\/wandilsonramalho.com.br\/blog\/index.php?rest_route=\/wp\/v2\/users\/2"}],"replies":[{"embeddable":true,"href":"https:\/\/wandilsonramalho.com.br\/blog\/index.php?rest_route=%2Fwp%2Fv2%2Fcomments&post=3109"}],"version-history":[{"count":2,"href":"https:\/\/wandilsonramalho.com.br\/blog\/index.php?rest_route=\/wp\/v2\/posts\/3109\/revisions"}],"predecessor-version":[{"id":3210,"href":"https:\/\/wandilsonramalho.com.br\/blog\/index.php?rest_route=\/wp\/v2\/posts\/3109\/revisions\/3210"}],"wp:featuredmedia":[{"embeddable":true,"href":"https:\/\/wandilsonramalho.com.br\/blog\/index.php?rest_route=\/wp\/v2\/media\/3209"}],"wp:attachment":[{"href":"https:\/\/wandilsonramalho.com.br\/blog\/index.php?rest_route=%2Fwp%2Fv2%2Fmedia&parent=3109"}],"wp:term":[{"taxonomy":"category","embeddable":true,"href":"https:\/\/wandilsonramalho.com.br\/blog\/index.php?rest_route=%2Fwp%2Fv2%2Fcategories&post=3109"},{"taxonomy":"post_tag","embeddable":true,"href":"https:\/\/wandilsonramalho.com.br\/blog\/index.php?rest_route=%2Fwp%2Fv2%2Ftags&post=3109"}],"curies":[{"name":"wp","href":"https:\/\/api.w.org\/{rel}","templated":true}]}}