{"id":3063,"date":"2020-04-12T00:40:00","date_gmt":"2020-04-12T03:40:00","guid":{"rendered":"https:\/\/wandilsonramalho.com.br\/blog\/?p=3063"},"modified":"2020-04-11T13:57:27","modified_gmt":"2020-04-11T16:57:27","slug":"o-meu-melhor-amigo-morreu-porque-amou-demais-morreu-porque-nao-sabia-mentir","status":"publish","type":"post","link":"https:\/\/wandilsonramalho.com.br\/blog\/?p=3063","title":{"rendered":"O meu melhor amigo morreu porque amou demais."},"content":{"rendered":"\n<h2 class=\"wp-block-heading\">O meu melhor amigo\u00a0morreu numa tarde triste de sexta-feira. O sol ainda era quente e o calor era intenso. Morreu de um jeito cruel.<\/h2>\n\n\n\n<p>V\u00edtima de um sistema pol\u00edtico e religioso que n\u00e3o sabia entender que Deus prefere os miser\u00e1veis. Morreu porque amou demais; morreu porque n\u00e3o sabia mentir.<\/p>\n\n\n\n<p>O meu melhor amigo, n\u00e3o sabia ser indiferente. Viveu o tempo todo recolhendo os que estavam ca\u00eddos e desacreditados.<\/p>\n\n\n\n<h3 class=\"wp-block-heading\">Ser humano inesquec\u00edvel<\/h3>\n\n\n\n<p>Ele foi um ser humano inesquec\u00edvel. Entrava em lugares proibidos e dormia na casa de pessoas abomin\u00e1veis.<\/p>\n\n\n\n<p>Trocou santos por Zaqueu, doutores por Mateus. N\u00e3o se preocupava com o que os outros estavam achando d\u2019Ele, mas ocupava-se de sua vida como se cada instante vivido fosse o \u00faltimo.<\/p>\n\n\n\n<p>Meu melhor amigo tinha o poder de ser irreverente. Ele olhava nos olhos dos fracassados e lhes restitu\u00eda a coragem perdida.<\/p>\n\n\n\n<p>Segurava nas m\u00e3os dos cansados e os convencia que ainda lhes restavam for\u00e7as para chegar.<\/p>\n\n\n\n<p>O meu melhor amigo era desconcertante. Tinha o dom de confundir os s\u00e1bios e encantar os simples. Eu, certa vez, tamb\u00e9m me encantei com ele.<\/p>\n\n\n\n<p>Chegou num dia que eu n\u00e3o sei dizer qual foi. Chegou numa hora que n\u00e3o sei precisar. Sei que chegou, sei que veio. Entrou pela porta da minha vida e nunca mais O deixei sair. Somos \u00edntimos.<\/p>\n\n\n\n<p>Minha fala est\u00e1 presa a fala dele. Eu O admiro tanto, que acabo tendo a pretens\u00e3o de querer ser como Ele. J\u00e1 me peguei cantando para Ele os versos de Tom Jobim: \u201cN\u00e3o h\u00e1 voc\u00ea sem mim e eu n\u00e3o existo sem voc\u00ea!\u201d. Ele sorri quando eu canto.<\/p>\n\n\n\n<h3 class=\"wp-block-heading\">Meu melhor amigo me ensina a ser humano<\/h3>\n\n\n\n<p>Ele me ensina que a vida \u00e9 uma orquestra linda, mas d\u00f3i. Ele me ensina a apreciar os acordes tristes \u2026 e a\u00ed d\u00f3i menos. A beleza distrai a tristeza. Foi assim que eu assisti \u00e0 sua morte na Sexta-feira Santa.<\/p>\n\n\n\n<p>Eu sabia que era passageira. Era apenas um interl\u00fadio feito de acordes menores, dilacerantes de t\u00e3o tristes.<\/p>\n\n\n\n<p>Meu amigo n\u00e3o sabe ser morto. Ele gosta \u00e9 de ser vivo, vivente! E \u00e9 assim que eu entendo a din\u00e2mica da <a href=\"https:\/\/formacao.cancaonova.com\/liturgia\/tempo-liturgico\/pascoa\/sera-que-a-ressurreicao-de-jesus-foi-uma-fraude\/\">Ressurrei\u00e7\u00e3o.<\/a><\/p>\n\n\n\n<p>Quando digo: \u201cEle est\u00e1 no meio de n\u00f3s!\u201d; eu estou convidando o meu amigo a ser vivo atrav\u00e9s de mim. Quem ama, de verdade, leva sempre a criatura amada por onde vai.<\/p>\n\n\n\n<p>E \u00e9 assim que o amor vai se tornando concreto no meio de n\u00f3s. \u00c9 assim que a vida vai ficando eterna, e a gente vai ressuscitando aos poucos.<\/p>\n\n\n\n<p>Hoje, eu acordei mais feliz. Nada de especial me aconteceu. Apenas me recordei de que, meu melhor amigo, ainda acredita em mim, apesar de tudo.<\/p>\n\n\n\n<p>Eu sou um leg\u00edtimo representante de Sua ressurrei\u00e7\u00e3o no mundo. N\u00e3o posso me esquecer disso. As pessoas olham para mim e, eu espero que elas n\u00e3o me vejam, espero que vejam o meu melhor amigo, em mim.<\/p>\n\n\n\n<h2 class=\"wp-block-heading\">Padre F\u00e1bio de Melo<\/h2>\n\n\n\n<p><em><strong>Para voc\u00ea meu leitor(a) , uma<\/strong> P\u00c1SCOA iluminada ..<\/em><\/p>\n\n\n\n<p>Vandilson e Tica &#8230;<\/p>\n\n\n\n<p>Foto ilustrativa:Bliznetsov \/ by Getty Images<\/p>\n\n\n\n\n\n\n\n\n","protected":false},"excerpt":{"rendered":"<p>O meu melhor amigo\u00a0morreu numa tarde triste de sexta-feira. O sol ainda era quente e o calor era intenso. Morreu de um jeito cruel. V\u00edtima de um sistema pol\u00edtico e religioso que n\u00e3o sabia entender que Deus prefere os miser\u00e1veis. Morreu porque amou demais; morreu porque n\u00e3o sabia mentir. O meu melhor amigo, n\u00e3o sabia <a href=\"https:\/\/wandilsonramalho.com.br\/blog\/?p=3063\">&#8230;<\/a><\/p>\n","protected":false},"author":2,"featured_media":3064,"comment_status":"open","ping_status":"open","sticky":false,"template":"","format":"standard","meta":{"_jetpack_memberships_contains_paid_content":false,"footnotes":""},"categories":[2],"tags":[],"class_list":["post-3063","post","type-post","status-publish","format-standard","has-post-thumbnail","hentry","category-mensagens"],"jetpack_featured_media_url":"https:\/\/i0.wp.com\/wandilsonramalho.com.br\/blog\/wp-content\/uploads\/2020\/04\/formacao_eu-e-o-meu-melhor-amigo-artigo-768x576-1.jpg?fit=768%2C576&ssl=1","jetpack_sharing_enabled":true,"_links":{"self":[{"href":"https:\/\/wandilsonramalho.com.br\/blog\/index.php?rest_route=\/wp\/v2\/posts\/3063","targetHints":{"allow":["GET"]}}],"collection":[{"href":"https:\/\/wandilsonramalho.com.br\/blog\/index.php?rest_route=\/wp\/v2\/posts"}],"about":[{"href":"https:\/\/wandilsonramalho.com.br\/blog\/index.php?rest_route=\/wp\/v2\/types\/post"}],"author":[{"embeddable":true,"href":"https:\/\/wandilsonramalho.com.br\/blog\/index.php?rest_route=\/wp\/v2\/users\/2"}],"replies":[{"embeddable":true,"href":"https:\/\/wandilsonramalho.com.br\/blog\/index.php?rest_route=%2Fwp%2Fv2%2Fcomments&post=3063"}],"version-history":[{"count":3,"href":"https:\/\/wandilsonramalho.com.br\/blog\/index.php?rest_route=\/wp\/v2\/posts\/3063\/revisions"}],"predecessor-version":[{"id":3070,"href":"https:\/\/wandilsonramalho.com.br\/blog\/index.php?rest_route=\/wp\/v2\/posts\/3063\/revisions\/3070"}],"wp:featuredmedia":[{"embeddable":true,"href":"https:\/\/wandilsonramalho.com.br\/blog\/index.php?rest_route=\/wp\/v2\/media\/3064"}],"wp:attachment":[{"href":"https:\/\/wandilsonramalho.com.br\/blog\/index.php?rest_route=%2Fwp%2Fv2%2Fmedia&parent=3063"}],"wp:term":[{"taxonomy":"category","embeddable":true,"href":"https:\/\/wandilsonramalho.com.br\/blog\/index.php?rest_route=%2Fwp%2Fv2%2Fcategories&post=3063"},{"taxonomy":"post_tag","embeddable":true,"href":"https:\/\/wandilsonramalho.com.br\/blog\/index.php?rest_route=%2Fwp%2Fv2%2Ftags&post=3063"}],"curies":[{"name":"wp","href":"https:\/\/api.w.org\/{rel}","templated":true}]}}