{"id":3053,"date":"2020-04-11T01:46:00","date_gmt":"2020-04-11T04:46:00","guid":{"rendered":"https:\/\/wandilsonramalho.com.br\/blog\/?p=3053"},"modified":"2020-04-10T18:58:47","modified_gmt":"2020-04-10T21:58:47","slug":"um-sim-ao-meu-deus","status":"publish","type":"post","link":"https:\/\/wandilsonramalho.com.br\/blog\/?p=3053","title":{"rendered":"UM SIM ..AO MEU DEUS .."},"content":{"rendered":"\n<p><strong>\u0093O sim\u0094<\/strong> ao chamado divino, de Padre Glaudio foi proclamado num texto profundo e cheio de amor ao PAI .Ele , se dedicando a vida consagrada, e seguindo  mais de perto do Divino Mestre para o seu bem e do povo de Deus .<\/p>\n\n\n\n<p>Com licen\u00e7a Padre Glaudio para transcrev\u00ea-lo na \u00edntegra.<\/p>\n\n\n\n<p>&#8220;Um dia escutei teu chamado&#8230; Certamente a voz mais doce que j\u00e1 ouvi! Voz que vinha do c\u00e9u, em sintonia com a da terra, a voz do povo! Voz humana de Deus! Voz divina do Homem!<\/p>\n\n\n\n<p> E hoje, renovo meu sim, consciente, de que h\u00e1 homens mais santos do que eu, para propagar o c\u00e9u! <\/p>\n\n\n\n<p>Mas o Senhor, ah, Senhor! \u201cConsola-me o fato de que sabes trabalhar com instrumentos insuficientes\u201d (Bento XVI). <\/p>\n\n\n\n<p>Quero eternizar mais uma vez meu sim, na pequenez tempor\u00e1ria do dia a dia, sem esquecer que quem me chamou, nos enxerga, melhor do que somos! <\/p>\n\n\n\n<p>Somos feitos de c\u00e9u, e para l\u00e1 iremos voltar!<\/p>\n\n\n\n<p>Padre Glaudio atua na <a href=\"https:\/\/www.facebook.com\/pages\/Igreja-De-S%C3%A3o-Francisco-da-Maisa\/1492075760846416?__tn__=kC-R&amp;eid=ARBuAigOfNYPm0lNwlV1BsrE3Sw9gwq1oDLgBv7g1pUiH_avc66kG24xax7RfUntG3rb6HJOrq_BT_im&amp;hc_ref=ARQblXI6b3XGQ1QKnT9XwmqxYoj1QZCbCCpMBbA6FiLBxvj3EyvOgy3Ni7AR25WdSvA&amp;ref=nf_target&amp;fref=tag&amp;__xts__%5B0%5D=68.ARBLCZFQoH4TZkDU2pyvZAocrcB8Fyrcg2-Ut2zJDlK03NidaM5exXqC79lDHddUvy5cbaP2cdMx-HDQ6M1Ddel6BztduyK52pp88igOlBBbVZOAcI3E2fIYpi05Fe_betzB6up90PjGoTNXjYpIMISrQpYI3j6w6PO2s_TnCqeoWj16tVV_dc7vCFZEualxppCkQooI3UPw-zbh9aEVON7sQKfnhJtp7RvEb8yX2OjIe1ZOr1ULOVZWmoAmKJpQaZFw\">Igreja De S\u00e3o Francisco da Maisa<\/a>.<\/p>\n\n\n\n\n","protected":false},"excerpt":{"rendered":"<p>\u0093O sim\u0094 ao chamado divino, de Padre Glaudio foi proclamado num texto profundo e cheio de amor ao PAI .Ele , se dedicando a vida consagrada, e seguindo mais de perto do Divino Mestre para o seu bem e do povo de Deus . Com licen\u00e7a Padre Glaudio para transcrev\u00ea-lo na \u00edntegra. &#8220;Um dia escutei <a href=\"https:\/\/wandilsonramalho.com.br\/blog\/?p=3053\">&#8230;<\/a><\/p>\n","protected":false},"author":2,"featured_media":3054,"comment_status":"open","ping_status":"open","sticky":false,"template":"","format":"standard","meta":{"_jetpack_memberships_contains_paid_content":false,"footnotes":""},"categories":[18],"tags":[],"class_list":["post-3053","post","type-post","status-publish","format-standard","has-post-thumbnail","hentry","category-caraubas"],"jetpack_featured_media_url":"https:\/\/i0.wp.com\/wandilsonramalho.com.br\/blog\/wp-content\/uploads\/2020\/04\/padre-glaudio.jpg?fit=720%2C960&ssl=1","jetpack_sharing_enabled":true,"_links":{"self":[{"href":"https:\/\/wandilsonramalho.com.br\/blog\/index.php?rest_route=\/wp\/v2\/posts\/3053","targetHints":{"allow":["GET"]}}],"collection":[{"href":"https:\/\/wandilsonramalho.com.br\/blog\/index.php?rest_route=\/wp\/v2\/posts"}],"about":[{"href":"https:\/\/wandilsonramalho.com.br\/blog\/index.php?rest_route=\/wp\/v2\/types\/post"}],"author":[{"embeddable":true,"href":"https:\/\/wandilsonramalho.com.br\/blog\/index.php?rest_route=\/wp\/v2\/users\/2"}],"replies":[{"embeddable":true,"href":"https:\/\/wandilsonramalho.com.br\/blog\/index.php?rest_route=%2Fwp%2Fv2%2Fcomments&post=3053"}],"version-history":[{"count":1,"href":"https:\/\/wandilsonramalho.com.br\/blog\/index.php?rest_route=\/wp\/v2\/posts\/3053\/revisions"}],"predecessor-version":[{"id":3055,"href":"https:\/\/wandilsonramalho.com.br\/blog\/index.php?rest_route=\/wp\/v2\/posts\/3053\/revisions\/3055"}],"wp:featuredmedia":[{"embeddable":true,"href":"https:\/\/wandilsonramalho.com.br\/blog\/index.php?rest_route=\/wp\/v2\/media\/3054"}],"wp:attachment":[{"href":"https:\/\/wandilsonramalho.com.br\/blog\/index.php?rest_route=%2Fwp%2Fv2%2Fmedia&parent=3053"}],"wp:term":[{"taxonomy":"category","embeddable":true,"href":"https:\/\/wandilsonramalho.com.br\/blog\/index.php?rest_route=%2Fwp%2Fv2%2Fcategories&post=3053"},{"taxonomy":"post_tag","embeddable":true,"href":"https:\/\/wandilsonramalho.com.br\/blog\/index.php?rest_route=%2Fwp%2Fv2%2Ftags&post=3053"}],"curies":[{"name":"wp","href":"https:\/\/api.w.org\/{rel}","templated":true}]}}